{"id":3762,"date":"2019-06-30T14:40:30","date_gmt":"2019-06-30T13:40:30","guid":{"rendered":"http:\/\/cercleape.com\/?p=3762"},"modified":"2024-03-15T22:59:04","modified_gmt":"2024-03-15T21:59:04","slug":"le-festival-de-lapprendre-une-initiative-plurielle","status":"publish","type":"post","link":"https:\/\/www.cercleape.com\/?p=3762","title":{"rendered":"Le festival de l&rsquo;Apprendre, une initiative plurielle !"},"content":{"rendered":"\n<p class=\"has-text-align-justify\">Compl\u00e9mentairement \u00e0 l&rsquo;activit\u00e9 du cercle APE pour organiser un \u00ab\u00a0Festival de l&rsquo;Apprendre\u00a0\u00bb en d\u00e9but d&rsquo;ann\u00e9e 2020, d&rsquo;autres acteurs sont d\u00e9j\u00e0 engag\u00e9s sur cette piste o\u00f9 nous pourrons nous croiser et nous renforcer mutuellement.<\/p>\n\n\n\n<p class=\"has-text-align-justify\">En 2018, l\u2019assembl\u00e9e g\u00e9n\u00e9rale des Nations Unies a fix\u00e9 annuellement le 24 janvier pour la <a href=\"https:\/\/fr.unesco.org\/news\/lassemblee-generale-nations-unies-proclame-24-janvier-journee-internationale-leducation\">\u00ab\u00a0Journ\u00e9e internationale de l\u2019\u00e9ducation\u00a0\u00bb<\/a> avec l&rsquo;appui de plusieurs organisations. L&rsquo;id\u00e9e premi\u00e8re de ce festival, coupl\u00e9 \u00e0 la journ\u00e9e mondiale de l\u2019\u00c9ducation, a \u00e9t\u00e9 \u00e9mise par Fran\u00e7ois Tadd\u00e9i du Center for Research and Interdisciplinarity <a href=\"https:\/\/cri-paris.org\/\">CRI Paris<\/a>. On la retrouve dans son livre  \u00ab\u00a0Apprendre au XXi\u00e8me si\u00e9cle\u00a0\u00bb aux \u00e9ditions Calmann L\u00e9vy &#8211;  2018. <\/p>\n\n\n\n<p class=\"has-text-align-justify\">Il y est not\u00e9 que plusieurs pays ou territoires ont d\u00e9j\u00e0 mis en place des \u00ab\u00a0Festivals de l&rsquo;apprendre\u00a0\u00bb tout au long et tout au large de nos vies, dont les Pays-Bas, le Danemark, la Slov\u00e9nie. On peut compl\u00e9ter cette liste avec d&rsquo;autres Festivals en <a href=\"https:\/\/www.scottishlearningfestival.com\/\">\u00c9cosse<\/a>, au Royaume-Uni avec le <a href=\"https:\/\/www.familylearningfestival.com\">Family Learning Festival<\/a> et le <a href=\"https:\/\/www.festivaloflearning.org.uk\">Festival of Learning<\/a> ou le <a href=\"https:\/\/www.facebook.com\/corklifelonglearningfestival\/\">Cork Lifelong Learning Festival<\/a>&#8230; Et vous, connaissez-vous d&rsquo;autres Festival de l&rsquo;apprendre (merci de vos apports en commentaires ou par mail) ?<\/p>\n\n\n\n<p class=\"has-text-align-justify\"><strong>Une f\u00eate de l&rsquo;apprendre aux quatre coins de la plan\u00e8te dans le monde et en Europe ; notre plan\u00e8te en a bien besoin !<\/strong><\/p>\n\n\n\n<p class=\"has-text-align-justify\">Aujourd&rsquo;hui en France, plusieurs acteurs r\u00e9fl\u00e9chissent \u00e0 l&rsquo;opportunit\u00e9 de s&rsquo;associer \u00e0 cette initiative port\u00e9e par le CRI et soutenue par notre cercle APE : des acad\u00e9mies, le <a href=\"http:\/\/www.app-reseau.eu\/\">r\u00e9seau des APP<\/a>, le <a href=\"https:\/\/www.cmatlv.org\/\">Comit\u00e9 Mondial des Apprentissages<\/a> et autres&#8230;<\/p>\n\n\n\n<p class=\"has-text-color has-text-align-justify has-luminous-vivid-orange-color\">D&rsquo;ores et d\u00e9j\u00e0, un nouvel hastag est n\u00e9 : <strong>#festivaldelapprendre<\/strong><\/p>\n\n\n\n<p>A suivre\u2026. <\/p>\n\n\n\n<p class=\"has-text-align-right\">Jean Vanderspelden <\/p>\n\n\n\n<p class=\"has-text-align-right\">membre du cercle contact &#8211; jean.vanderspelden@free.fr<\/p>\n\n\n\n<h4 class=\"wp-block-heading\">Pour en savoir plus sur #festivaldelapprendrE<\/h4>\n\n\n<ul class=\"wp-block-latest-posts__list is-grid columns-3 alignfull wp-block-latest-posts\"><li><a class=\"wp-block-latest-posts__post-title\" href=\"https:\/\/www.cercleape.com\/?p=7153\">Les festivals de l&rsquo;apprendre en janvier 2026<\/a><\/li>\n<li><a class=\"wp-block-latest-posts__post-title\" href=\"https:\/\/www.cercleape.com\/?p=7121\">Atelier d&rsquo;\u00e9criture collaborative<\/a><\/li>\n<li><a class=\"wp-block-latest-posts__post-title\" href=\"https:\/\/www.cercleape.com\/?p=7090\">Compte rendu &#8211; Journ\u00e9e au Hall Tropisme<\/a><\/li>\n<li><a class=\"wp-block-latest-posts__post-title\" href=\"https:\/\/www.cercleape.com\/?p=7049\">Projet des APP, IFAD Lod\u00e8ve : Balade \u00e0 Lod\u00e8ve<\/a><\/li>\n<li><a class=\"wp-block-latest-posts__post-title\" href=\"https:\/\/www.cercleape.com\/?p=7053\">Conf\u00e9rence \u00ab Donnons corps \u00e0 l\u2019apprentissage \u00bb<\/a><\/li>\n<\/ul>","protected":false},"excerpt":{"rendered":"<p>Compl\u00e9mentairement \u00e0 l&rsquo;activit\u00e9 du cercle APE pour organiser un \u00ab\u00a0Festival de l&rsquo;Apprendre\u00a0\u00bb en d\u00e9but d&rsquo;ann\u00e9e 2020, d&rsquo;autres acteurs sont d\u00e9j\u00e0 &hellip; <\/p>\n","protected":false},"author":9,"featured_media":0,"comment_status":"closed","ping_status":"closed","sticky":false,"template":"","format":"standard","meta":{"footnotes":""},"categories":[2],"tags":[47],"class_list":["post-3762","post","type-post","status-publish","format-standard","hentry","category-festival-de-lapprendre","tag-ideation"],"_links":{"self":[{"href":"https:\/\/www.cercleape.com\/index.php?rest_route=\/wp\/v2\/posts\/3762","targetHints":{"allow":["GET"]}}],"collection":[{"href":"https:\/\/www.cercleape.com\/index.php?rest_route=\/wp\/v2\/posts"}],"about":[{"href":"https:\/\/www.cercleape.com\/index.php?rest_route=\/wp\/v2\/types\/post"}],"author":[{"embeddable":true,"href":"https:\/\/www.cercleape.com\/index.php?rest_route=\/wp\/v2\/users\/9"}],"replies":[{"embeddable":true,"href":"https:\/\/www.cercleape.com\/index.php?rest_route=%2Fwp%2Fv2%2Fcomments&post=3762"}],"version-history":[{"count":1,"href":"https:\/\/www.cercleape.com\/index.php?rest_route=\/wp\/v2\/posts\/3762\/revisions"}],"predecessor-version":[{"id":6755,"href":"https:\/\/www.cercleape.com\/index.php?rest_route=\/wp\/v2\/posts\/3762\/revisions\/6755"}],"wp:attachment":[{"href":"https:\/\/www.cercleape.com\/index.php?rest_route=%2Fwp%2Fv2%2Fmedia&parent=3762"}],"wp:term":[{"taxonomy":"category","embeddable":true,"href":"https:\/\/www.cercleape.com\/index.php?rest_route=%2Fwp%2Fv2%2Fcategories&post=3762"},{"taxonomy":"post_tag","embeddable":true,"href":"https:\/\/www.cercleape.com\/index.php?rest_route=%2Fwp%2Fv2%2Ftags&post=3762"}],"curies":[{"name":"wp","href":"https:\/\/api.w.org\/{rel}","templated":true}]}}