{"id":3889,"date":"2019-08-31T16:42:58","date_gmt":"2019-08-31T15:42:58","guid":{"rendered":"http:\/\/cercleape.com\/?p=3889"},"modified":"2024-03-15T22:59:04","modified_gmt":"2024-03-15T21:59:04","slug":"pourquoi-organiser-un-festival-de-lapprendre-en-janvier-2020","status":"publish","type":"post","link":"https:\/\/www.cercleape.com\/?p=3889","title":{"rendered":"Pourquoi organiser un \u00abFestival de l&rsquo;Apprendre\u00bb en janvier 2020 ?"},"content":{"rendered":"\n<figure class=\"wp-block-image size-large\"><img loading=\"lazy\" decoding=\"async\" width=\"1024\" height=\"512\" src=\"https:\/\/www.cercleape.com\/wp-content\/uploads\/2019\/08\/visuel-festival_apprendre02.png?w=1024\" alt=\"\" class=\"wp-image-3895\" srcset=\"https:\/\/www.cercleape.com\/wp-content\/uploads\/2019\/08\/visuel-festival_apprendre02.png 1024w, https:\/\/www.cercleape.com\/wp-content\/uploads\/2019\/08\/visuel-festival_apprendre02-300x150.png 300w, https:\/\/www.cercleape.com\/wp-content\/uploads\/2019\/08\/visuel-festival_apprendre02-768x384.png 768w\" sizes=\"auto, (max-width: 1024px) 100vw, 1024px\" \/><figcaption><em>Festival multiple pr\u00e9vu du 20 au 25 <\/em>j<em>anvier 2020<\/em> &#8211; <strong>#festivaldelapprendre<\/strong><\/figcaption><\/figure>\n\n\n\n<hr class=\"wp-block-separator\" \/>\n\n\n\n<h2 class=\"wp-block-heading\">Apprendre est \u00e0 la fois une activit\u00e9 banale et exceptionnelle<\/h2>\n\n\n\n<p>Nous sommes tous apprenants et apprenons dans une multitude de circonstances. Bref, <em>\u00abnous sommes n\u00e9s pour apprendre\u00bb<\/em><a href=\"#_ftn1\">[1]<\/a> comme dit H\u00e9l\u00e8ne Trocm\u00e9 Fabre : <em>n\u00e9s pour d\u00e9couvrir, pour reconna\u00eetre les lois de la nature, pour s\u2019organiser, pour cr\u00e9er du sens, pour choisir ou pour innover.<\/em> Cette florissante palette fertile m\u00e9rite bien un temps de c\u00e9l\u00e9bration festif. Il s\u2019agit de se rappeler qu\u2019apprendre ne se r\u00e9duit pas \u00e0 conna\u00eetre ou \u00e0 se dipl\u00f4mer&#8230;<\/p>\n\n\n\n<p>Aujourd\u2019hui,\navec la digitalisation de notre soci\u00e9t\u00e9, les lieux, les temps et les modes\nd\u2019apprentissages, formels et informels, se multiplient tout au long et tout au\nlarge de nos vies. L\u2019accroissement de ces occasions apprenantes conforte le\nplaisir d\u2019apprendre seul ou ensemble, ou les deux. Seulement la soci\u00e9t\u00e9 de la\nconnaissance est port\u00e9e par celle de la consommation qui a lourdement tendance\n\u00e0 d\u00e9caler, marketing aidant, notre attention et notre \u00e9nergie de l\u2019acte\nd\u2019apprendre vers celui d\u2019acheter<a href=\"#_ftn2\">[2]<\/a>.<\/p>\n\n\n\n<p>Par\nailleurs, les conditions d\u2019apprentissage varient selon les pays, les r\u00e9gions,\nles \u00e2ges, les cat\u00e9gories socio-professionnelles, les m\u00e9tiers, mais aussi les\ncontingences individuelles. Si nous sommes tous apprenants, nous ne b\u00e9n\u00e9ficions\npas des m\u00eames facilit\u00e9s et nous apprenons tous diff\u00e9remment et \u00e0 des degr\u00e9s\ndivers et pour des motifs et des temps diff\u00e9renci\u00e9s.<\/p>\n\n\n\n<h2 class=\"wp-block-heading\">Un festival pour montrer la diversit\u00e9 des situations d\u2019apprentissage<\/h2>\n\n\n\n<p>Notre \u00abFestival de l\u2019Apprendre\u00bb, initiative plurielle<a href=\"#_ftn3\">[3]<\/a> et d\u00e9centralis\u00e9e, vise \u00e0 la fois \u00e0 montrer la diversit\u00e9 des situations d\u2019apprentissage et de leur reconnaissance sur les territoires, \u00e0 valoriser l\u2019implication individuelle ou communautaire, \u00e0 inciter \u00e0 un effort durable, accompagn\u00e9 ou non, dans cette noble activit\u00e9, et surtout, \u00e0 promouvoir, partout en r\u00e9gion, en France, en Europe<a href=\"#_ftn4\">[4]<\/a>, partout sur notre plan\u00e8te, de meilleures conditions d\u2019acquisition de savoirs et de comp\u00e9tences ; vers l\u2019Apprenance<a href=\"#_ftn5\">[5]<\/a>&#8230; Chaque \u00eatre, avec sa volont\u00e9 encourag\u00e9e, doit pouvoir et savoir s\u2019instruire, s\u2019informer, critiquer, se former, produire,partager, entreprendre ; le tout en exer\u00e7ant sa libert\u00e9. Pour ensemble faire face, avec plus d\u2019intelligence collective, et donc d\u2019efficacit\u00e9, aux nombreux d\u00e9fis soci\u00e9taux actuels, en particulier \u00e9cologiques, on pourrait retenir :\u00abMieux j\u2019apprends, mieux j\u2019interagis!\u00bb . <\/p>\n\n\n\n<p>Pour marquer cette diversit\u00e9 et cette richesse de l\u2019apprendre, nous pouvons d\u00e9tourner Ernest Hemingway en proclamant <strong>\u00abapprendre est une f\u00eate\u00bb <\/strong>ou reprendre les propos de Michel Serres : \u00abLe savoir rend heureux, le savoir rend libre\u00bb.<\/p>\n\n\n\n<p><em>Jean Vanderspelden \u2013<\/em> membre <em>du cercle APE &#8211; Ao\u00fbt 2019<\/em><\/p>\n\n\n\n<p><a href=\"mailto:jean.vanderspelden@free.fr\">jean.vanderspelden@free.fr<\/a> @jeanvds \u2013 <a href=\"http:\/\/www.iapprendre.fr\">www.iapprendre.fr<\/a><\/p>\n\n\n\n<p>Cette initiative vous int\u00e9resse ? Ecrivez-nous : cercleape.asso@gmail.com<\/p>\n\n\n\n<hr class=\"wp-block-separator\" \/>\n\n\n\n<p><a href=\"#_ftnref1\">[1]<\/a><a href=\"https:\/\/www.sciencepresse.qc.ca\/blogue\/cerveau-niveaux\/2017\/02\/20\/sept-films-helene-trocme-fabre-autant-tresors-redecouvrir\">https:\/\/www.sciencepresse.qc.ca\/blogue\/cerveau-niveaux\/2017\/02\/20\/sept-films-helene-trocme-fabre-autant-tresors-redecouvrir<\/a> <\/p>\n\n\n\n<p>[2] Le partage d\u2019un bien le divise, le\npartage d\u2019un savoir le multiplie !<\/p>\n\n\n\n<p>[3]<a href=\"https:\/\/cercleape.com\/2019\/06\/30\/le-festival-de-lapprendre-une-initiative-plurielle\/\">https:\/\/cercleape.com\/2019\/06\/30\/le-festival-de-lapprendre-une-initiative-plurielle\/<\/a><\/p>\n\n\n\n<p>[4] Plusieurs pays\neurop\u00e9ens ou territoires ont d\u00e9j\u00e0 mis en place des \u00abFestivals de l\u2019apprendre\u00bb\ntout au long et tout au large de nos vies, dont les Pays-Bas, le Danemark, la Slov\u00e9nie\n(<a href=\"https:\/\/epale.ec.europa.eu\/fr\/content\/visite-detude-de-la-coordination-belge-francophone-en-slovenie\">https:\/\/epale.ec.europa.eu\/fr\/content\/visite-detude-de-la-coordination-belge-francophone-en-slovenie<\/a>). On peut compl\u00e9ter\ncette liste avec d\u2019autres Festivals <a href=\"https:\/\/www.scottishlearningfestival.com\/\">https:\/\/www.scottishlearningfestival.com\/<\/a> (Ecosse), <a href=\"https:\/\/www.familylearningfestival.com\/\">https:\/\/www.familylearningfestival.com<\/a> (Royaume-Uni), <a href=\"https:\/\/www.festivaloflearning.org.uk\/\">https:\/\/www.festivaloflearning.org.uk<\/a> (Angleterre) ou <a href=\"https:\/\/www.facebook.com\/corklifelonglearningfestival\/\">https:\/\/www.facebook.com\/corklifelonglearningfestival\/<\/a> (Irlande). <\/p>\n\n\n\n<p>[5]<a href=\"https:\/\/fr.wikipedia.org\/wiki\/Apprenance\">https:\/\/fr.wikipedia.org\/wiki\/Apprenance<\/a><\/p>\n\n\n\n<h4 class=\"wp-block-heading\">Pour en savoir plus sur #festivaldelapprendre<\/h4>\n\n\n<ul class=\"wp-block-latest-posts__list is-grid columns-3 alignfull wp-block-latest-posts\"><li><a class=\"wp-block-latest-posts__post-title\" href=\"https:\/\/www.cercleape.com\/?p=7153\">Les festivals de l&rsquo;apprendre en janvier 2026<\/a><\/li>\n<li><a class=\"wp-block-latest-posts__post-title\" href=\"https:\/\/www.cercleape.com\/?p=7121\">Atelier d&rsquo;\u00e9criture collaborative<\/a><\/li>\n<li><a class=\"wp-block-latest-posts__post-title\" href=\"https:\/\/www.cercleape.com\/?p=7090\">Compte rendu &#8211; Journ\u00e9e au Hall Tropisme<\/a><\/li>\n<li><a class=\"wp-block-latest-posts__post-title\" href=\"https:\/\/www.cercleape.com\/?p=7049\">Projet des APP, IFAD Lod\u00e8ve : Balade \u00e0 Lod\u00e8ve<\/a><\/li>\n<li><a class=\"wp-block-latest-posts__post-title\" href=\"https:\/\/www.cercleape.com\/?p=7053\">Conf\u00e9rence \u00ab Donnons corps \u00e0 l\u2019apprentissage \u00bb<\/a><\/li>\n<\/ul>","protected":false},"excerpt":{"rendered":"<p>Apprendre est \u00e0 la fois une activit\u00e9 banale et exceptionnelle Nous sommes tous apprenants et apprenons dans une multitude de &hellip; <\/p>\n","protected":false},"author":9,"featured_media":0,"comment_status":"closed","ping_status":"closed","sticky":false,"template":"","format":"standard","meta":{"footnotes":""},"categories":[2],"tags":[],"class_list":["post-3889","post","type-post","status-publish","format-standard","hentry","category-festival-de-lapprendre"],"_links":{"self":[{"href":"https:\/\/www.cercleape.com\/index.php?rest_route=\/wp\/v2\/posts\/3889","targetHints":{"allow":["GET"]}}],"collection":[{"href":"https:\/\/www.cercleape.com\/index.php?rest_route=\/wp\/v2\/posts"}],"about":[{"href":"https:\/\/www.cercleape.com\/index.php?rest_route=\/wp\/v2\/types\/post"}],"author":[{"embeddable":true,"href":"https:\/\/www.cercleape.com\/index.php?rest_route=\/wp\/v2\/users\/9"}],"replies":[{"embeddable":true,"href":"https:\/\/www.cercleape.com\/index.php?rest_route=%2Fwp%2Fv2%2Fcomments&post=3889"}],"version-history":[{"count":1,"href":"https:\/\/www.cercleape.com\/index.php?rest_route=\/wp\/v2\/posts\/3889\/revisions"}],"predecessor-version":[{"id":6753,"href":"https:\/\/www.cercleape.com\/index.php?rest_route=\/wp\/v2\/posts\/3889\/revisions\/6753"}],"wp:attachment":[{"href":"https:\/\/www.cercleape.com\/index.php?rest_route=%2Fwp%2Fv2%2Fmedia&parent=3889"}],"wp:term":[{"taxonomy":"category","embeddable":true,"href":"https:\/\/www.cercleape.com\/index.php?rest_route=%2Fwp%2Fv2%2Fcategories&post=3889"},{"taxonomy":"post_tag","embeddable":true,"href":"https:\/\/www.cercleape.com\/index.php?rest_route=%2Fwp%2Fv2%2Ftags&post=3889"}],"curies":[{"name":"wp","href":"https:\/\/api.w.org\/{rel}","templated":true}]}}