{"id":3926,"date":"2019-10-21T14:02:30","date_gmt":"2019-10-21T13:02:30","guid":{"rendered":"http:\/\/cercleape.com\/?p=3926"},"modified":"2024-03-15T22:59:03","modified_gmt":"2024-03-15T21:59:03","slug":"festivaldelapprendre-comment-participer","status":"publish","type":"post","link":"https:\/\/www.cercleape.com\/?p=3926","title":{"rendered":"Festival de l&rsquo;apprendre, comment participer ?"},"content":{"rendered":"\n<h2 class=\"wp-block-heading\">Vous \u00eates nombreux&#8230;<\/h2>\n\n\n\n<div class=\"wp-block-media-text alignwide is-stacked-on-mobile\"><figure class=\"wp-block-media-text__media\"><img decoding=\"async\" src=\"https:\/\/www.cercleape.com\/wp-content\/uploads\/2019\/01\/img_0102.jpg?w=700\" alt=\"\" class=\"wp-image-3126 size-full\" \/><\/figure><div class=\"wp-block-media-text__content\">\n<h3 class=\"wp-block-heading\">A nous demander <strong>comment participer, o\u00f9 s&rsquo;inscrire ?<\/strong> Quelques \u00e9l\u00e9ments de r\u00e9ponse&#8230; <\/h3>\n\n\n\n<p>Vous avez <strong>des id\u00e9es<\/strong> d&rsquo;atelier, vous avez <strong>envie de participer \u00e0 la construction <\/strong>de l&rsquo;\u00e9v\u00e9nement dans votre r\u00e9gion, ou vous <strong>voulez en savoir plus <\/strong>pour savoir ce que vous pouvez apporter&#8230; <strong>Nous avons besoin de vous<\/strong>. <\/p>\n\n\n\n<p>Vous avez envie de venir au Festival de l&rsquo;apprendre mais sans beaucoup de temps pour participer \u00e0 la construction&#8230; pas de probl\u00e8me, c&rsquo;est aussi possible.  <strong>Nous avons aussi besoin de vous. <\/strong><\/p>\n<\/div><\/div>\n\n\n\n<div class=\"wp-block-media-text alignwide has-media-on-the-right is-stacked-on-mobile\"><figure class=\"wp-block-media-text__media\"><img decoding=\"async\" src=\"https:\/\/www.cercleape.com\/wp-content\/uploads\/2019\/01\/img_0115.jpg?w=700\" alt=\"\" class=\"wp-image-3131 size-full\" \/><\/figure><div class=\"wp-block-media-text__content\">\n<h4 class=\"wp-block-heading\">Si vous voulez co-construire avec nous&#8230;<\/h4>\n\n\n\n<p><strong>Le plus simple ici est de prendre contact avec la personne ou la structure porteuse de l&rsquo;\u00e9v\u00e9nement. <\/strong><\/p>\n<\/div><\/div>\n\n\n\n<h4 class=\"wp-block-heading\">Si vous voulez vivre l&rsquo;\u00e9v\u00e9nement sans avoir de temps pour l&rsquo;organisation<\/h4>\n\n\n\n<p>C&rsquo;est tout \u00e0 fait possible ! <strong>Et nous vous attendons nombreux<\/strong>. Il est encore un peu t\u00f4t pour vous donner rendez-vous \u00e0 un horaire pr\u00e9cis. Mais nous allons progressivement affiner nos \u00e9v\u00e9nements et la mani\u00e8re de venir apprendre avec nous. <\/p>\n\n\n\n<p><strong>Restez inform\u00e9s en suivant<\/strong> notre page <a href=\"https:\/\/fr.linkedin.com\/company\/cercle-ape-apprendre-ensemble\">LinkedIn<\/a> et sur Twitter <a href=\"https:\/\/twitter.com\/search?q=%23cercleAPE\">#cercleAPE<\/a> et <a href=\"https:\/\/twitter.com\/search?q=%23festivaldelapprendre&amp;src=typd\">#festivaldelapprendre<\/a><\/p>\n\n\n\n<h3 class=\"wp-block-heading\">Ils font des choses qui nous int\u00e9ressent<\/h3>\n\n\n\n<p><a href=\"https:\/\/fr.linkedin.com\/pulse\/une-f%C3%AAte-pour-apprendre-en-faites-quen-pensez-vous-b%C3%A9n%C3%A9dicte-tilloy\">Une f\u00eate pour \u00ab\u00a0Apprendre en faites\u00a0\u00bb, qu&rsquo;en pensez-vous ?<\/a> par B\u00e9n\u00e9dicte Tilloy<\/p>\n\n\n\n<p><a href=\"https:\/\/www.paris-normandie.fr\/actualites\/societe\/fete-des-possibles-dans-l-eure--quinze-jours-pour-apprendre-a-proteger-l-environnement-CH15566141\">F\u00eate des possibles dans l\u2019Eure : quinze jours pour apprendre \u00e0 prot\u00e9ger l\u2019environnement <\/a>Sept. 2019 <\/p>\n\n\n\n<p><a href=\"https:\/\/www.letelegramme.fr\/morbihan\/vannes\/vannes-fete-des-apprentissages-apprendre-et-reapprendre-tout-au-long-de-la-vie-30-09-2019-12396424.php\">Vannes. F\u00eate des apprentissages : Apprendre et r\u00e9apprendre tout au long de la vie<\/a> Oct. 2019 <\/p>\n\n\n\n<p>Journ\u00e9e internationale de l&rsquo;\u00e9ducation le 24 janvier 2020<br>https:\/\/www.un.org\/fr\/events\/educationday\/index.shtml<\/p>\n","protected":false},"excerpt":{"rendered":"<p>Vous \u00eates nombreux&#8230; A nous demander comment participer, o\u00f9 s&rsquo;inscrire ? Quelques \u00e9l\u00e9ments de r\u00e9ponse&#8230; Vous avez des id\u00e9es d&rsquo;atelier, &hellip; <\/p>\n","protected":false},"author":5,"featured_media":3127,"comment_status":"closed","ping_status":"closed","sticky":false,"template":"","format":"standard","meta":{"footnotes":""},"categories":[2],"tags":[],"class_list":["post-3926","post","type-post","status-publish","format-standard","has-post-thumbnail","hentry","category-festival-de-lapprendre"],"_links":{"self":[{"href":"https:\/\/www.cercleape.com\/index.php?rest_route=\/wp\/v2\/posts\/3926","targetHints":{"allow":["GET"]}}],"collection":[{"href":"https:\/\/www.cercleape.com\/index.php?rest_route=\/wp\/v2\/posts"}],"about":[{"href":"https:\/\/www.cercleape.com\/index.php?rest_route=\/wp\/v2\/types\/post"}],"author":[{"embeddable":true,"href":"https:\/\/www.cercleape.com\/index.php?rest_route=\/wp\/v2\/users\/5"}],"replies":[{"embeddable":true,"href":"https:\/\/www.cercleape.com\/index.php?rest_route=%2Fwp%2Fv2%2Fcomments&post=3926"}],"version-history":[{"count":1,"href":"https:\/\/www.cercleape.com\/index.php?rest_route=\/wp\/v2\/posts\/3926\/revisions"}],"predecessor-version":[{"id":6749,"href":"https:\/\/www.cercleape.com\/index.php?rest_route=\/wp\/v2\/posts\/3926\/revisions\/6749"}],"wp:featuredmedia":[{"embeddable":true,"href":"https:\/\/www.cercleape.com\/index.php?rest_route=\/wp\/v2\/media\/3127"}],"wp:attachment":[{"href":"https:\/\/www.cercleape.com\/index.php?rest_route=%2Fwp%2Fv2%2Fmedia&parent=3926"}],"wp:term":[{"taxonomy":"category","embeddable":true,"href":"https:\/\/www.cercleape.com\/index.php?rest_route=%2Fwp%2Fv2%2Fcategories&post=3926"},{"taxonomy":"post_tag","embeddable":true,"href":"https:\/\/www.cercleape.com\/index.php?rest_route=%2Fwp%2Fv2%2Ftags&post=3926"}],"curies":[{"name":"wp","href":"https:\/\/api.w.org\/{rel}","templated":true}]}}