{"id":3936,"date":"2019-09-06T08:00:00","date_gmt":"2019-09-06T07:00:00","guid":{"rendered":"http:\/\/cercleape.com\/?p=3936"},"modified":"2024-03-15T22:59:03","modified_gmt":"2024-03-15T21:59:03","slug":"un-festival-des-festivals","status":"publish","type":"post","link":"https:\/\/www.cercleape.com\/?p=3936","title":{"rendered":"Un festival, des festivals"},"content":{"rendered":"\n<h3 class=\"wp-block-heading\"><span class=\"uppercase\">Une f\u00eate pour pr\u00e9senter, d\u00e9couvrir, exp\u00e9rimenter des modes d\u2019apprentissage&nbsp;: participative, cr\u00e9ative &amp; festive&nbsp;!<\/span><\/h3>\n\n\n\n<p>Le \u00abcercleape\u00bb propose une nouvelle dynamique d\u2019\u00e9changes en 2020. <\/p>\n\n\n\n<p class=\"has-text-align-justify\">Notre collectif \u00abApprendre Ensemble\u00bb est n\u00e9 sur l\u2019id\u00e9e fertile de la mise en place et l\u2019animation de \u00abCercles d\u2019apprentissage\u00bb. <\/p>\n\n\n\n<figure class=\"wp-block-gallery columns-1 is-cropped wp-block-gallery-1 is-layout-flex wp-block-gallery-is-layout-flex\"><ul class=\"blocks-gallery-grid\"><li class=\"blocks-gallery-item\"><figure><img loading=\"lazy\" decoding=\"async\" width=\"614\" height=\"868\" src=\"https:\/\/www.cercleape.com\/wp-content\/uploads\/2019\/09\/pht5slio.jpeg-definition-cercle-petit-1.jpg?w=614\" data-id=\"3943\" class=\"wp-image-3943\" srcset=\"https:\/\/www.cercleape.com\/wp-content\/uploads\/2019\/09\/pht5slio.jpeg-definition-cercle-petit-1.jpg 614w, https:\/\/www.cercleape.com\/wp-content\/uploads\/2019\/09\/pht5slio.jpeg-definition-cercle-petit-1-212x300.jpg 212w\" sizes=\"auto, (max-width: 614px) 100vw, 614px\" \/><\/figure><\/li><\/ul><\/figure>\n\n\n\n<p class=\"has-text-align-justify has-small-font-size\">Illustration Fr\u00e9d\u00e9ric Duriez<\/p>\n\n\n\n<p class=\"has-text-align-justify\">En 2016, <strong>plus de vingt-cinq cercles<\/strong> (700 personnes) ont \u00e9chang\u00e9 et produit sur la th\u00e9matique \u00abApprendre Ensemble\u00bb; <strong>\u00e0 Paris, en R\u00e9gion et \u00e0 l\u2019international francophone<\/strong>. Fin 2016, nous nous sommes r\u00e9unis pour une journ\u00e9e de rencontre et de partages riches. <\/p>\n\n\n\n<p>Avec la cr\u00e9ation de notre <a href=\"https:\/\/youtu.be\/0JN9NmdNxNs\">association<\/a>, en 2017, notre \u00e9nergie collective s\u2019est concentr\u00e9e sur la cr\u00e9ation, l\u2019organisation et la valorisation d\u2019un super \u00abHackathon\u00bb ; en 2018 un \u00ab<a href=\"https:\/\/cercleape.com\/2018-3\/\">Forum Ouvert<\/a>\u00bb, et enfin, un \u00ab<a href=\"https:\/\/cercleape.com\/world-cafe\/\">World caf\u00e9<\/a>\u00bb. A chaque fois, notre motivation \u00e9tait de cr\u00e9er et vivre de nouvelles mani\u00e8res d\u2019apprendre ensemble <\/p>\n\n\n\n<figure class=\"wp-block-image size-large\"><img decoding=\"async\" src=\"https:\/\/www.cercleape.com\/wp-content\/uploads\/2017\/10\/img_4872.jpg?w=700\" alt=\"\" class=\"wp-image-2050\" \/><\/figure>\n\n\n\n<p class=\"has-text-align-justify\">Riche de nos exp\u00e9riences, dans le prolongement des id\u00e9es \u00e9mises lors du Worldcaf\u00e9 de 2018 et en r\u00e9sonance avec la proposition de Fran\u00e7ois Tadd\u00e9i (Apprendre au 21<sup>\u00e8me<\/sup> si\u00e8cle \u2013 Edition Odile Jacob), nous sommes aujourd\u2019hui mobilis\u00e9s pour faire na\u00eetre ou conforter des \u00abFestivals de l\u2019Apprendre\u00bb sur diff\u00e9rents territoires. <\/p>\n\n\n\n<p>Pour cela, cot\u00e9 cercle APE, deux pistes vont se d\u00e9velopper en parall\u00e8le&nbsp;; <\/p>\n\n\n\n<ul class=\"wp-block-list\"><li>l\u2019organisation d\u2019un<strong> \u00e9v\u00e8nement festif en r\u00e9gion parisienne le samedi 25 Janvier 2020<\/strong> (plus d\u2019informations \u00e0 venir\u2026)&nbsp;;<\/li><\/ul>\n\n\n\n<ul class=\"wp-block-list\"><li>et l\u2019appel \u00e0 l\u2019\u00e9nergie des <strong>membres des cercles et des participants \u00e0 nos diff\u00e9rents \u00e9v\u00e9nements pour imaginer et faire vivre des temps festifs dans la m\u00eame semaine entre le 20 et 25 janvier 2020 \u00e0 Paris, en R\u00e9gion ou \u00e0 l\u2019international francophone.<\/strong><\/li><\/ul>\n\n\n\n<p>Sur le mod\u00e8le de la f\u00eate de la musique, la f\u00eate des voisins ou la f\u00eate de la science, chacun d\u2019entre-nous en interaction, selon son contexte et ses motivations, pourra trouver une piste et des activit\u00e9s pour c\u00e9l\u00e9brer notre capacit\u00e9 individuelle et collective d\u2019apprendre et de cr\u00e9er \u00e0 tous \u00e2ges ! Les cercles sont ouverts \u00e0 tous&nbsp;(gratuit) ; professionnels, ou non, de la formation et de l\u2019\u00e9ducation, au sens large.<br><\/p>\n\n\n\n<p class=\"has-text-align-right\">Jean Vanderspelden et Fr\u00e9d\u00e9ric Duriez<\/p>\n\n\n\n<hr class=\"wp-block-separator\" \/>\n\n\n\n<p class=\"has-text-color has-luminous-vivid-orange-color\">Vous souhaitez savoir si un cercle existe d\u00e9j\u00e0 pr\u00e8s de chez vous ? Vous souhaitez initier un cercle ou simplement monter un \u00e9v\u00e9nement \u00e0 l&rsquo;occasion du Festival de l&rsquo;apprendre ? Contactez-nous !  <a href=\"https:\/\/cercleape.com\/contact\/\">ici<\/a><\/p>\n\n\n\n<h4 class=\"wp-block-heading\">Pour en savoir plus sur #festivaldelapprendre<\/h4>\n\n\n<ul class=\"wp-block-latest-posts__list is-grid columns-3 alignfull wp-block-latest-posts\"><li><a class=\"wp-block-latest-posts__post-title\" href=\"https:\/\/www.cercleape.com\/?p=7153\">Les festivals de l&rsquo;apprendre en janvier 2026<\/a><\/li>\n<li><a class=\"wp-block-latest-posts__post-title\" href=\"https:\/\/www.cercleape.com\/?p=7121\">Atelier d&rsquo;\u00e9criture collaborative<\/a><\/li>\n<li><a class=\"wp-block-latest-posts__post-title\" href=\"https:\/\/www.cercleape.com\/?p=7090\">Compte rendu &#8211; Journ\u00e9e au Hall Tropisme<\/a><\/li>\n<li><a class=\"wp-block-latest-posts__post-title\" href=\"https:\/\/www.cercleape.com\/?p=7049\">Projet des APP, IFAD Lod\u00e8ve : Balade \u00e0 Lod\u00e8ve<\/a><\/li>\n<li><a class=\"wp-block-latest-posts__post-title\" href=\"https:\/\/www.cercleape.com\/?p=7053\">Conf\u00e9rence \u00ab Donnons corps \u00e0 l\u2019apprentissage \u00bb<\/a><\/li>\n<\/ul>","protected":false},"excerpt":{"rendered":"<p>Une f\u00eate pour pr\u00e9senter, d\u00e9couvrir, exp\u00e9rimenter des modes d\u2019apprentissage&nbsp;: participative, cr\u00e9ative &amp; festive&nbsp;! Le \u00abcercleape\u00bb propose une nouvelle dynamique d\u2019\u00e9changes &hellip; <\/p>\n","protected":false},"author":9,"featured_media":0,"comment_status":"closed","ping_status":"closed","sticky":false,"template":"","format":"standard","meta":{"footnotes":""},"categories":[2],"tags":[],"class_list":["post-3936","post","type-post","status-publish","format-standard","hentry","category-festival-de-lapprendre"],"_links":{"self":[{"href":"https:\/\/www.cercleape.com\/index.php?rest_route=\/wp\/v2\/posts\/3936","targetHints":{"allow":["GET"]}}],"collection":[{"href":"https:\/\/www.cercleape.com\/index.php?rest_route=\/wp\/v2\/posts"}],"about":[{"href":"https:\/\/www.cercleape.com\/index.php?rest_route=\/wp\/v2\/types\/post"}],"author":[{"embeddable":true,"href":"https:\/\/www.cercleape.com\/index.php?rest_route=\/wp\/v2\/users\/9"}],"replies":[{"embeddable":true,"href":"https:\/\/www.cercleape.com\/index.php?rest_route=%2Fwp%2Fv2%2Fcomments&post=3936"}],"version-history":[{"count":1,"href":"https:\/\/www.cercleape.com\/index.php?rest_route=\/wp\/v2\/posts\/3936\/revisions"}],"predecessor-version":[{"id":6751,"href":"https:\/\/www.cercleape.com\/index.php?rest_route=\/wp\/v2\/posts\/3936\/revisions\/6751"}],"wp:attachment":[{"href":"https:\/\/www.cercleape.com\/index.php?rest_route=%2Fwp%2Fv2%2Fmedia&parent=3936"}],"wp:term":[{"taxonomy":"category","embeddable":true,"href":"https:\/\/www.cercleape.com\/index.php?rest_route=%2Fwp%2Fv2%2Fcategories&post=3936"},{"taxonomy":"post_tag","embeddable":true,"href":"https:\/\/www.cercleape.com\/index.php?rest_route=%2Fwp%2Fv2%2Ftags&post=3936"}],"curies":[{"name":"wp","href":"https:\/\/api.w.org\/{rel}","templated":true}]}}