{"id":4060,"date":"2019-10-12T16:12:39","date_gmt":"2019-10-12T15:12:39","guid":{"rendered":"http:\/\/cercleape.com\/?p=4060"},"modified":"2024-03-15T22:59:03","modified_gmt":"2024-03-15T21:59:03","slug":"venez-proposer-un-atelier-au-festival-de-lapprendre-de-sevres","status":"publish","type":"post","link":"https:\/\/www.cercleape.com\/?p=4060","title":{"rendered":"Venez proposer un atelier au festival de l&rsquo;apprendre de S\u00e8vres"},"content":{"rendered":"\n<p>Mis \u00e0 jour le 30 novembre 2019<\/p>\n\n\n\n<h2 class=\"wp-block-heading\">Le Festival, c&rsquo;est vous, c&rsquo;est nous tous<\/h2>\n\n\n\n<figure class=\"wp-block-image size-medium is-resized\"><img loading=\"lazy\" decoding=\"async\" src=\"https:\/\/www.cercleape.com\/wp-content\/uploads\/2019\/10\/appel.png?w=300\" alt=\"\" class=\"wp-image-4041\" width=\"708\" height=\"354\" srcset=\"https:\/\/www.cercleape.com\/wp-content\/uploads\/2019\/10\/appel.png 1024w, https:\/\/www.cercleape.com\/wp-content\/uploads\/2019\/10\/appel-300x150.png 300w, https:\/\/www.cercleape.com\/wp-content\/uploads\/2019\/10\/appel-768x384.png 768w\" sizes=\"auto, (max-width: 708px) 100vw, 708px\" \/><\/figure>\n\n\n\n<p><\/p>\n\n\n\n<p>Le cercle APE organise son #Festivaldelapprendre le <strong>samedi 25 janvier apr\u00e8s-midi<\/strong> dans les locaux de <a href=\"https:\/\/www.ciep.fr\/venir-ciep\">France Education international<\/a>, 1 avenue L\u00e9on Journault, <strong>\u00e0 S\u00e8vres<\/strong>.<\/p>\n\n\n\n<p>Dans le billet \u00ab&nbsp;<a href=\"https:\/\/cercleape.com\/2019\/09\/04\/festival-de-lapprendre-on-y-fait-quoi\/\">Festival de l\u2019apprendre&nbsp;: on y fait quoi&nbsp;?&nbsp;<\/a>\u00bb, nous avons propos\u00e9 des pistes et des th\u00e9matiques pour les ateliers. <\/p>\n\n\n\n<h3 class=\"wp-block-heading\">Nous attendons 40 ateliers !<\/h3>\n\n\n\n<p><strong>Vous \u00eates p\u00e9dagogue, formateur, animateur\u2026 ou vous avez simplement envie de faire partager votre passion d\u2019apprendre&nbsp;?<\/strong> Lancez-vous et envoyez-nous votre proposition d\u2019activit\u00e9 en remplissant ce court formulaire<\/p>\n\n\n\n<p>Toutes les propositions d&rsquo;atelier seront \u00e9tudi\u00e9es, voici un exemple :<\/p>\n\n\n\n<ul class=\"wp-block-list\"><li><strong>Titre<\/strong> : Tawashi &#8211; Fabriquez vos \u00e9ponges en mat\u00e9riel recycl\u00e9<\/li><li><strong>Dur\u00e9e<\/strong> : 20 min <\/li><li><strong>Nombre de participants maxi<\/strong> : 6<\/li><li><strong>Activit\u00e9<\/strong> : Fabriquer des \u00e9ponges en utilisant des chaussettes ou collants. Quiz-jeu autour du textile et ses cons\u00e9quences environnementales.  <\/li><li><strong>Qui va animer ?<\/strong>&nbsp; Lina (+ courriel)<\/li><li><strong>Mat\u00e9riel n\u00e9cessaire<\/strong> : Chaussettes \u00ab\u00a0abandonn\u00e9es\u00a0\u00bb \u00e0 r\u00e9cup\u00e9rer et ou demander aux participants d&rsquo;en ramener\/ support pour tisser (fourni par Lina)<\/li><li><strong>Horaires<\/strong> : toutes les 20 mn de l&rsquo;ouverture \u00e0 la fermeture <\/li><li><strong>Public cible<\/strong> : Adultes et enfants \u00e0 partir de 8 ans<\/li><\/ul>\n\n\n\n<p class=\"has-text-align-left has-luminous-vivid-orange-color has-very-light-gray-background-color has-text-color has-background\">La remont\u00e9e des propositions est maintenant close. <br><br><strong>Les propositions ont \u00e9t\u00e9 nombreuses et enthousiasmantes ! <\/strong>Un grand merci \u00e0 tous ! <br><br>Nous avons regard\u00e9 tout cela attentivement lors d&rsquo;une r\u00e9union CercleAPE le 26 novembre.<br><br>Nous prenons contact avec les pilotes des ateliers pour organiser leurs interventions \u00e0 S\u00e8vres. Sont notamment pr\u00e9vus : un \u00e9change sur chacun des ateliers, une visite sur site dans les ateliers de France \u00c9ducation International en fonction des disponibilit\u00e9s pour d\u00e9couvrir les lieux, une petite interview de chacun des pilotes sur leur atelier (comment cela marche sans trop en dire) pour vous donner envie de venir&#8230; <\/p>\n\n\n\n<h3 class=\"wp-block-heading\">CELA VA MIEUX en le disant<\/h3>\n\n\n\n<p>Notre association #cercleAPE est b\u00e9n\u00e9vole, sans moyens financiers ou quasi. Aussi l&rsquo;appel \u00e0 manifestation d&rsquo;int\u00e9r\u00eat se fait dans ce m\u00eame esprit : nous attendons des <strong>propositions gracieuses dans un esprit de partage<\/strong>. De m\u00eame, les ateliers ne sont pas l\u00e0 pour commercialiser un produit &#8212; pas de vente sur site. Merci \u00e0 tous. <\/p>\n\n\n\n<p>Bonne inspiration \u00e0 toutes et \u00e0 tous&nbsp;!<\/p>\n","protected":false},"excerpt":{"rendered":"<p>Mis \u00e0 jour le 30 novembre 2019 Le Festival, c&rsquo;est vous, c&rsquo;est nous tous Le cercle APE organise son #Festivaldelapprendre &hellip; <\/p>\n","protected":false},"author":5,"featured_media":4165,"comment_status":"closed","ping_status":"closed","sticky":false,"template":"","format":"standard","meta":{"footnotes":""},"categories":[2],"tags":[],"class_list":["post-4060","post","type-post","status-publish","format-standard","has-post-thumbnail","hentry","category-festival-de-lapprendre"],"_links":{"self":[{"href":"https:\/\/www.cercleape.com\/index.php?rest_route=\/wp\/v2\/posts\/4060","targetHints":{"allow":["GET"]}}],"collection":[{"href":"https:\/\/www.cercleape.com\/index.php?rest_route=\/wp\/v2\/posts"}],"about":[{"href":"https:\/\/www.cercleape.com\/index.php?rest_route=\/wp\/v2\/types\/post"}],"author":[{"embeddable":true,"href":"https:\/\/www.cercleape.com\/index.php?rest_route=\/wp\/v2\/users\/5"}],"replies":[{"embeddable":true,"href":"https:\/\/www.cercleape.com\/index.php?rest_route=%2Fwp%2Fv2%2Fcomments&post=4060"}],"version-history":[{"count":1,"href":"https:\/\/www.cercleape.com\/index.php?rest_route=\/wp\/v2\/posts\/4060\/revisions"}],"predecessor-version":[{"id":5690,"href":"https:\/\/www.cercleape.com\/index.php?rest_route=\/wp\/v2\/posts\/4060\/revisions\/5690"}],"wp:featuredmedia":[{"embeddable":true,"href":"https:\/\/www.cercleape.com\/index.php?rest_route=\/wp\/v2\/media\/4165"}],"wp:attachment":[{"href":"https:\/\/www.cercleape.com\/index.php?rest_route=%2Fwp%2Fv2%2Fmedia&parent=4060"}],"wp:term":[{"taxonomy":"category","embeddable":true,"href":"https:\/\/www.cercleape.com\/index.php?rest_route=%2Fwp%2Fv2%2Fcategories&post=4060"},{"taxonomy":"post_tag","embeddable":true,"href":"https:\/\/www.cercleape.com\/index.php?rest_route=%2Fwp%2Fv2%2Ftags&post=4060"}],"curies":[{"name":"wp","href":"https:\/\/api.w.org\/{rel}","templated":true}]}}