{"id":4746,"date":"2020-01-12T09:36:00","date_gmt":"2020-01-12T08:36:00","guid":{"rendered":"http:\/\/cercleape.com\/?p=4746"},"modified":"2024-03-15T22:59:01","modified_gmt":"2024-03-15T21:59:01","slug":"bonjour-magali-vous-etes-la-pilote-du-festival-de-lapprendre-a-ganges","status":"publish","type":"post","link":"https:\/\/www.cercleape.com\/?p=4746","title":{"rendered":"Bonjour Magali, vous \u00eates la pilote du Festival de l&rsquo;apprendre \u00e0 Ganges&#8230;"},"content":{"rendered":"\n<div class=\"wp-block-jetpack-tiled-gallery aligncenter is-style-rectangular\"><div class=\"tiled-gallery__gallery\"><div class=\"tiled-gallery__row\"><div class=\"tiled-gallery__col\"><figure class=\"tiled-gallery__item\"><img decoding=\"async\" alt=\"\" data-height=\"3000\" data-id=\"4750\" data-link=\"https:\/\/cercleape.com\/img_20200110_152227\/\" data-url=\"https:\/\/cercleape.files.wordpress.com\/2020\/01\/img_20200110_152227.jpg\" data-width=\"4000\" src=\"https:\/\/cercleape.files.wordpress.com\/2020\/01\/img_20200110_152227.jpg\" \/><\/figure><\/div><div class=\"tiled-gallery__col\"><figure class=\"tiled-gallery__item\"><img decoding=\"async\" alt=\"\" data-height=\"2448\" data-id=\"4751\" data-link=\"https:\/\/cercleape.com\/img_20200110_152056\/\" data-url=\"https:\/\/cercleape.files.wordpress.com\/2020\/01\/img_20200110_152056.jpg\" data-width=\"3264\" src=\"https:\/\/cercleape.files.wordpress.com\/2020\/01\/img_20200110_152056.jpg\" \/><\/figure><\/div><\/div><\/div><\/div>\n\n\n\n<h2 class=\"wp-block-heading\">Qui \u00eates-vous en quelques mots ?<\/h2>\n\n\n\n<p>L&rsquo;IFAD de Ganges, dans l&rsquo;H\u00e9rault, est un centre de formation qui d\u00e9veloppe, anime des actions d\u2019accompagnement de projet professionnel, de formation, d\u2019insertion, de cr\u00e9ation d\u2019activit\u00e9 et de d\u00e9veloppement local. Notre site : <a href=\"http:\/\/www.ifad-g.fr\/\">http:\/\/www.ifad-g.fr\/<\/a><\/p>\n\n\n\n<p>Et je suis Magali Sabatier, formatrice en d\u00e9veloppement durable et en gestion des projets mais aussi globe-trotteuse \ud83d\ude09<\/p>\n\n\n\n<h2 class=\"wp-block-heading\">Que fait-on dans votre festival ?<\/h2>\n\n\n\n<p>Avec un groupe d\u2019apprenants en formation professionnelle sur le poste de Charg\u00e9(e) d\u2019Accueil Touristique, nous travaillerons sur le concept de paysage et d\u2019environnement, ses types de repr\u00e9sentation. Comment un professionnel du tourisme qui \u00e9voque un paysage exprime sa vision du lieu ? Cette vision sera li\u00e9e \u00e0 divers facteurs (culturel, politique, \u00e9ducatif\u2026). <strong>Pendant 15 jours, ce groupe pr\u00e9parera un support \u00ab Mon environnement pour les nuls \u00bb !<\/strong><\/p>\n\n\n\n<p>Suite aux ateliers \u00ab l\u2019environnement pour les nuls \u00bb, les stagiaires pr\u00e9senteront les cr\u00e9ations au public d\u2019apprenants. Cette animation se d\u00e9roulera sur une 1\u20442 journ\u00e9e. Elle devra susciter des \u00e9motions ressenties, des r\u00eaves, des souvenirs, l\u2019envie du voyage et de la d\u00e9couverte.<\/p>\n\n\n\n<p>Le festival aura lieu du 12 au 31 janvier. Nous sommes donc les premiers \u00e0 lancer le Festival de l&rsquo;apprendre ! Et nous menons ce festival dans nos locaux, \u00e0 l&rsquo;IFAD Ganges place Jules Ferry 34190 GANGES. <\/p>\n\n\n\n<h2 class=\"wp-block-heading\">Pourquoi est-ce important&nbsp;? Pourquoi f\u00eater l\u2019apprendre&nbsp;?<\/h2>\n\n\n\n<p>Notre rapport aux autres change. L\u2019utilisation d\u2019outils num\u00e9riques rend le touriste solitaire. Proposer des supports adapt\u00e9s associant diverses techniques fait passer un message qui se fixe dans l\u2019inconscient de la personne. <\/p>\n\n\n\n<p><strong>F\u00eater l\u2019apprendre pour faire r\u00eaver, stimuler notre imagination, vivre une exp\u00e9rience partag\u00e9e ! <\/strong><\/p>\n\n\n\n<h2 class=\"wp-block-heading\">Et le mot de la fin&nbsp;?<\/h2>\n\n\n\n<p><strong>Se faire plaisir en donnant du plaisir aux autres<\/strong><\/p>\n\n\n\n<p><\/p>\n","protected":false},"excerpt":{"rendered":"<p>Qui \u00eates-vous en quelques mots ? L&rsquo;IFAD de Ganges, dans l&rsquo;H\u00e9rault, est un centre de formation qui d\u00e9veloppe, anime des &hellip; <\/p>\n","protected":false},"author":5,"featured_media":4755,"comment_status":"closed","ping_status":"closed","sticky":false,"template":"","format":"standard","meta":{"footnotes":""},"categories":[2],"tags":[42,45,71],"class_list":["post-4746","post","type-post","status-publish","format-standard","has-post-thumbnail","hentry","category-festival-de-lapprendre","tag-formation","tag-ganges-herault","tag-tourisme"],"_links":{"self":[{"href":"https:\/\/www.cercleape.com\/index.php?rest_route=\/wp\/v2\/posts\/4746","targetHints":{"allow":["GET"]}}],"collection":[{"href":"https:\/\/www.cercleape.com\/index.php?rest_route=\/wp\/v2\/posts"}],"about":[{"href":"https:\/\/www.cercleape.com\/index.php?rest_route=\/wp\/v2\/types\/post"}],"author":[{"embeddable":true,"href":"https:\/\/www.cercleape.com\/index.php?rest_route=\/wp\/v2\/users\/5"}],"replies":[{"embeddable":true,"href":"https:\/\/www.cercleape.com\/index.php?rest_route=%2Fwp%2Fv2%2Fcomments&post=4746"}],"version-history":[{"count":1,"href":"https:\/\/www.cercleape.com\/index.php?rest_route=\/wp\/v2\/posts\/4746\/revisions"}],"predecessor-version":[{"id":6777,"href":"https:\/\/www.cercleape.com\/index.php?rest_route=\/wp\/v2\/posts\/4746\/revisions\/6777"}],"wp:featuredmedia":[{"embeddable":true,"href":"https:\/\/www.cercleape.com\/index.php?rest_route=\/wp\/v2\/media\/4755"}],"wp:attachment":[{"href":"https:\/\/www.cercleape.com\/index.php?rest_route=%2Fwp%2Fv2%2Fmedia&parent=4746"}],"wp:term":[{"taxonomy":"category","embeddable":true,"href":"https:\/\/www.cercleape.com\/index.php?rest_route=%2Fwp%2Fv2%2Fcategories&post=4746"},{"taxonomy":"post_tag","embeddable":true,"href":"https:\/\/www.cercleape.com\/index.php?rest_route=%2Fwp%2Fv2%2Ftags&post=4746"}],"curies":[{"name":"wp","href":"https:\/\/api.w.org\/{rel}","templated":true}]}}