{"id":5960,"date":"2022-01-05T14:21:01","date_gmt":"2022-01-05T13:21:01","guid":{"rendered":"https:\/\/www.cercleape.com\/?p=5960"},"modified":"2024-03-15T22:59:00","modified_gmt":"2024-03-15T21:59:00","slug":"a-montrouge-aussi-le-festival-sera-present","status":"publish","type":"post","link":"https:\/\/www.cercleape.com\/?p=5960","title":{"rendered":"A Montrouge aussi, le festival sera pr\u00e9sent!"},"content":{"rendered":"\n<h2 class=\"has-text-color wp-block-heading\" id=\"vous-faites-partie-du-comite-d-organisation-du-prochain-festivaldelapprendre-a-montrouge-pourriez-vous-vous-presenter\" style=\"color:#1b0754\">Vous faites partie du comit\u00e9 d\u2019organisation du prochain #festivaldelapprendre\u00a0\u00e0 Montrouge, pourriez-vous vous pr\u00e9senter ?<\/h2>\n\n\n\n<p>L\u2019IFCAM, est l\u2019Universit\u00e9 du Groupe Cr\u00e9dit Agricole. Elle contribue \u00e0 la performance d\u2019un Groupe<br>soucieux du d\u00e9veloppement humain et de l\u2019accomplissement personnel en donnant les moyens<br>aux femmes et aux hommes d\u2019acqu\u00e9rir et d\u2019enrichir leurs comp\u00e9tences.<br>L\u2019IFCAM entretient, depuis sa cr\u00e9ation, une r\u00e9elle volont\u00e9 d\u2019innovation, explore et teste en<br>permanence de nouvelles solutions afin de concevoir les formations de demain au travers de<br>dispositifs agiles, \u00e0 g\u00e9om\u00e9trie variable qui savent concilier utilit\u00e9 et lucidit\u00e9, en mixant les bons<br>formats et le bon tempo.<br>Fid\u00e8les aux valeurs et \u00e0 la culture du groupe Cr\u00e9dit Agricole, l\u2019IFCAM est une universit\u00e9 ouverte<br>et adapt\u00e9e \u00e0 tous, diffusant un apprentissage enrichi, exp\u00e9rientiel, collaboratif et de proximit\u00e9<\/p>\n\n\n\n<h2 class=\"has-text-color wp-block-heading\" id=\"pour-quelles-raisons-etes-vous-investi-en-tant-que-benevole-dans-cetteaventure\" style=\"color:#1b0754\">Pour quelles raisons, \u00eates-vous investi, en tant que b\u00e9n\u00e9vole, dans cette<br>aventure ?<\/h2>\n\n\n\n<p>La rencontre entre l\u2019IFCAM et le cercle APE a eu lieu en 2017 lorsque l\u2019IFCAM a contribu\u00e9 \u00e0<br>l\u2019organisation du Hackathon \u00ab&nbsp;Apprendre ensemble \u00e0 l\u2019\u00e8re du digital de 3 \u00e0 99 ans&nbsp;\u00bb. Plus de 6<br>mois de pr\u00e9paration, 2 jours de travail en collectif, environs 200 participants&nbsp;: un \u00e9v\u00e9nement<br>apprenant dont on se souvient&nbsp;!<br>L\u2019an dernier, nous avons particip\u00e9 pour la 1 \u00e8re fois au Festival de l\u2019Apprendre en partageant une<br>exposition autour de la nature et de l\u2019apprentissage. En accord avec les valeurs du Groupe et nos<br>convictions p\u00e9dagogiques, nous souhaitons poursuivre l\u2019aventure en 2022&nbsp;!<\/p>\n\n\n\n<h2 class=\"has-text-color wp-block-heading\" id=\"pouvez-vous-nous-donner-quelques-elements-de-la-tenue-du-prochain3eme-festival-en-ligne\" style=\"color:#1b0754\">Pouvez-vous nous donner quelques \u00e9l\u00e9ments de la tenue du prochain<br>3\u00e8me festival en ligne&nbsp;?<\/h2>\n\n\n\n<p>Bien s\u00fbr&nbsp;! L\u2019\u00e9quipe organisatrice, anim\u00e9e notamment par Pauline Hubert et Doroth\u00e9e Cavignaux-<br>Bros ont choisi cette ann\u00e9e de questionner les lieux pour apprendre. Dans la continuit\u00e9 de notre<br>exposition \u00ab&nbsp;Apprendre, la force de la nature&nbsp;\u00bb, nous partagerons une conf\u00e9rence intitul\u00e9e&nbsp;:<br>\u00ab&nbsp;Apprendre, la force des lieux. La nature comme source d\u2019inspiration&nbsp;\u00bb. <\/p>\n\n\n\n<p>Cette conf\u00e9rence propos\u00e9e par l\u2019IFCAM a \u00e9t\u00e9 anim\u00e9e par Denis Cristol et aborde les questions suivantes&nbsp;:<\/p>\n\n\n\n<ul class=\"wp-block-list\"><li>Comment distinguer&nbsp;lieux de savoir, lieux de formation et lieux apprenants&nbsp;?<\/li><li>Quels sont les&nbsp;\u00e9nergies et les b\u00e9n\u00e9fices p\u00e9dagogiques propres \u00e0 chaque lieu&nbsp;?<\/li><li>Quelles&nbsp;actions concr\u00e8tes&nbsp;peut-on mettre en place pour allier nature et formation dans<br>notre contexte professionnel&nbsp;?<\/li><\/ul>\n\n\n\n<h2 class=\"has-text-color wp-block-heading\" id=\"nous-organiserons-egalement-des-animations-sur-notre-compte-linkedin-tout-au-long-de-la-semaine-pour-echanger-et-apprendre-ensemble\" style=\"color:#1b0754\">Nous organiserons \u00e9galement des animations sur notre compte LinkedIn tout au long de la semaine pour \u00e9changer et apprendre ensemble&nbsp;!<\/h2>\n\n\n\n<h2 class=\"wp-block-heading\"> <\/h2>\n\n\n\n<p><\/p>\n","protected":false},"excerpt":{"rendered":"<p>Vous faites partie du comit\u00e9 d\u2019organisation du prochain #festivaldelapprendre\u00a0\u00e0 Montrouge, pourriez-vous vous pr\u00e9senter ? L\u2019IFCAM, est l\u2019Universit\u00e9 du Groupe Cr\u00e9dit &hellip; <\/p>\n","protected":false},"author":12,"featured_media":0,"comment_status":"closed","ping_status":"closed","sticky":false,"template":"","format":"standard","meta":{"footnotes":""},"categories":[1],"tags":[],"class_list":["post-5960","post","type-post","status-publish","format-standard","hentry","category-non-classe"],"_links":{"self":[{"href":"https:\/\/www.cercleape.com\/index.php?rest_route=\/wp\/v2\/posts\/5960","targetHints":{"allow":["GET"]}}],"collection":[{"href":"https:\/\/www.cercleape.com\/index.php?rest_route=\/wp\/v2\/posts"}],"about":[{"href":"https:\/\/www.cercleape.com\/index.php?rest_route=\/wp\/v2\/types\/post"}],"author":[{"embeddable":true,"href":"https:\/\/www.cercleape.com\/index.php?rest_route=\/wp\/v2\/users\/12"}],"replies":[{"embeddable":true,"href":"https:\/\/www.cercleape.com\/index.php?rest_route=%2Fwp%2Fv2%2Fcomments&post=5960"}],"version-history":[{"count":6,"href":"https:\/\/www.cercleape.com\/index.php?rest_route=\/wp\/v2\/posts\/5960\/revisions"}],"predecessor-version":[{"id":6008,"href":"https:\/\/www.cercleape.com\/index.php?rest_route=\/wp\/v2\/posts\/5960\/revisions\/6008"}],"wp:attachment":[{"href":"https:\/\/www.cercleape.com\/index.php?rest_route=%2Fwp%2Fv2%2Fmedia&parent=5960"}],"wp:term":[{"taxonomy":"category","embeddable":true,"href":"https:\/\/www.cercleape.com\/index.php?rest_route=%2Fwp%2Fv2%2Fcategories&post=5960"},{"taxonomy":"post_tag","embeddable":true,"href":"https:\/\/www.cercleape.com\/index.php?rest_route=%2Fwp%2Fv2%2Ftags&post=5960"}],"curies":[{"name":"wp","href":"https:\/\/api.w.org\/{rel}","templated":true}]}}