{"id":6621,"date":"2023-12-21T10:08:44","date_gmt":"2023-12-21T09:08:44","guid":{"rendered":"https:\/\/www.cercleape.com\/?p=6621"},"modified":"2024-03-15T22:58:56","modified_gmt":"2024-03-15T21:58:56","slug":"festival-de-lapprendre-a-rouen-le-24-janvier-2024","status":"publish","type":"post","link":"https:\/\/www.cercleape.com\/?p=6621","title":{"rendered":"Festival de l\u2019Apprendre \u00e0 Rouen le 24 janvier 2024\u00a0!"},"content":{"rendered":"\n<p>Avec l\u2019appui de l\u2019IFA Marcel Sauvage, les membres du cercle APE de Rouen sont heureux de vous annoncer que la 5\u00e8me \u00e9dition du #festivaldeapprendre, se d\u00e9roulera \u00e0 Mont Saint-Aignan.<\/p>\n\n\n\n<p>F\u00eatons ensemble \u00abl&rsquo;Apprendre\u00bb sous toutes ses formes autour du mot d&rsquo;ordre <\/p>\n\n\n\n<p>\u00ab\u00a0<strong>Apprentissages, espaces &amp; \u00e9motions<\/strong>\u00ab\u00a0, le mercredi 24 janvier 2024 de 17h30 \u00e0 19h30.<\/p>\n\n\n\n<figure class=\"wp-block-image size-full\"><img loading=\"lazy\" decoding=\"async\" width=\"886\" height=\"886\" src=\"https:\/\/www.cercleape.com\/wp-content\/uploads\/2023\/12\/jean.jpg\" alt=\"\" class=\"wp-image-6622\" srcset=\"https:\/\/www.cercleape.com\/wp-content\/uploads\/2023\/12\/jean.jpg 886w, https:\/\/www.cercleape.com\/wp-content\/uploads\/2023\/12\/jean-300x300.jpg 300w, https:\/\/www.cercleape.com\/wp-content\/uploads\/2023\/12\/jean-150x150.jpg 150w, https:\/\/www.cercleape.com\/wp-content\/uploads\/2023\/12\/jean-768x768.jpg 768w, https:\/\/www.cercleape.com\/wp-content\/uploads\/2023\/12\/jean-70x70.jpg 70w, https:\/\/www.cercleape.com\/wp-content\/uploads\/2023\/12\/jean-246x246.jpg 246w, https:\/\/www.cercleape.com\/wp-content\/uploads\/2023\/12\/jean-276x276.jpg 276w, https:\/\/www.cercleape.com\/wp-content\/uploads\/2023\/12\/jean-125x125.jpg 125w\" sizes=\"auto, (max-width: 886px) 100vw, 886px\" \/><\/figure>\n\n\n\n<p>Pr\u00e9-programme :<\/p>\n\n\n\n<p>&#8211; 17h15 : accueil<\/p>\n\n\n\n<p>&#8211; 17h30\/17h55 : introduction participative : \u00ab\u00a0<strong>Que d&rsquo;\u00e9motions<\/strong>\u00a0\u00bb avec activit\u00e9s Wooclap<\/p>\n\n\n\n<p>&#8211; 18h00\/19h00 : dans quatre salles &gt; quatre courts ateliers en parall\u00e8le<\/p>\n\n\n\n<p>&nbsp;&nbsp; * Atelier de 15&prime; sur \u00ab\u00a0Apprentissage, \u00e9motions &amp; <strong>Humou<\/strong>r\u00a0\u00bb<\/p>\n\n\n\n<p>&nbsp;&nbsp; * Atelier de 15&prime; sur \u00ab\u00a0Apprentissage, \u00e9motions &amp; <strong>Jeu<\/strong>\u00ab\u00a0<\/p>\n\n\n\n<p>&nbsp;&nbsp; * Atelier de 15&prime; sur \u00ab\u00a0Apprentissage, \u00e9motions &amp; <strong>Intelligence Artificielle<\/strong>\u00ab\u00a0<\/p>\n\n\n\n<p>&nbsp;&nbsp; * Atelier de 15&prime; sur \u00ab\u00a0Apprentissage, \u00e9motions &amp; <strong>notre v\u00e9cu<\/strong>\u00ab\u00a0<\/p>\n\n\n\n<p>&#8211; 19h00\/19h30 : \u00e9changes \u00ab\u00a0Quels espaces pour favoriser des \u00e9motions favorables \u00e0 nos apprentissages ?\u00a0\u00bb avec <strong>un temps final physique \u00ab\u00a0\u00e9motionnant<\/strong>\u00ab\u00a0<\/p>\n\n\n\n<p>&#8211; 19h30\/21h30 : \u00e9motions autour d&rsquo;un repas sur le principe de <strong>l&rsquo;Auberge espagnole<\/strong> avec une derni\u00e8re activit\u00e9 festive propos\u00e9e : \u00ab\u00a0une d\u00e9gustation \u00e0 l&rsquo;aveugle\u00a0\u00bb.<\/p>\n\n\n\n<p><a href=\"https:\/\/www.eventbrite.fr\/e\/billets-festival-de-lapprendre-rouen-5eme-edition-778338570617\">Inscription<\/a> en ligne obligatoire, gratuite et limit\u00e9e (40 participants)\u00a0<\/p>\n\n\n\n<p>Se r\u00e9jouir d\u2019apprendre ensemble ! Chaque ann\u00e9e, le #festivaldelapprendre se d\u00e9roule autour du 24 janvier (date de l\u2019UNESCO pour la journ\u00e9e internationale de l\u2019Education) dans toute la France et dans le Monde, en r\u00e9sonance avec le Learning Planet Institute.<\/p>\n\n\n\n<p>Plus d\u2019informations <a href=\"https:\/\/cercleape.com\">https:\/\/cercleape.com<\/a><\/p>\n\n\n\n<p>#festivaldelapprendre #cercleape #learningplanet #lpi<\/p>\n","protected":false},"excerpt":{"rendered":"<p>Avec l\u2019appui de l\u2019IFA Marcel Sauvage, les membres du cercle APE de Rouen sont heureux de vous annoncer que la &hellip; <\/p>\n","protected":false},"author":12,"featured_media":0,"comment_status":"closed","ping_status":"closed","sticky":false,"template":"","format":"standard","meta":{"footnotes":""},"categories":[1],"tags":[],"class_list":["post-6621","post","type-post","status-publish","format-standard","hentry","category-non-classe"],"_links":{"self":[{"href":"https:\/\/www.cercleape.com\/index.php?rest_route=\/wp\/v2\/posts\/6621","targetHints":{"allow":["GET"]}}],"collection":[{"href":"https:\/\/www.cercleape.com\/index.php?rest_route=\/wp\/v2\/posts"}],"about":[{"href":"https:\/\/www.cercleape.com\/index.php?rest_route=\/wp\/v2\/types\/post"}],"author":[{"embeddable":true,"href":"https:\/\/www.cercleape.com\/index.php?rest_route=\/wp\/v2\/users\/12"}],"replies":[{"embeddable":true,"href":"https:\/\/www.cercleape.com\/index.php?rest_route=%2Fwp%2Fv2%2Fcomments&post=6621"}],"version-history":[{"count":1,"href":"https:\/\/www.cercleape.com\/index.php?rest_route=\/wp\/v2\/posts\/6621\/revisions"}],"predecessor-version":[{"id":6623,"href":"https:\/\/www.cercleape.com\/index.php?rest_route=\/wp\/v2\/posts\/6621\/revisions\/6623"}],"wp:attachment":[{"href":"https:\/\/www.cercleape.com\/index.php?rest_route=%2Fwp%2Fv2%2Fmedia&parent=6621"}],"wp:term":[{"taxonomy":"category","embeddable":true,"href":"https:\/\/www.cercleape.com\/index.php?rest_route=%2Fwp%2Fv2%2Fcategories&post=6621"},{"taxonomy":"post_tag","embeddable":true,"href":"https:\/\/www.cercleape.com\/index.php?rest_route=%2Fwp%2Fv2%2Ftags&post=6621"}],"curies":[{"name":"wp","href":"https:\/\/api.w.org\/{rel}","templated":true}]}}