{"id":6708,"date":"2024-02-04T14:32:50","date_gmt":"2024-02-04T13:32:50","guid":{"rendered":"https:\/\/www.cercleape.com\/?p=6708"},"modified":"2024-03-15T22:58:55","modified_gmt":"2024-03-15T21:58:55","slug":"telle-une-abeille-de-festival-en-festival-retour-sur-quelques-festivaldelapprendre-2024","status":"publish","type":"post","link":"https:\/\/www.cercleape.com\/?p=6708","title":{"rendered":"Telle une abeille\u00a0; de festival en festival\u00a0!"},"content":{"rendered":"\n<h2 class=\"wp-block-heading\">Retour sur quelques #festivaldelapprendre 2024 <strong>Pau, Montauban, Paris, Montpellier, Rennes, Montrouge, Rouen &amp; Paris<\/strong><\/h2>\n\n\n\n<p>Tr\u00e8s t\u00f4t, j\u2019ai bloqu\u00e9 sur mon calendrier professionnel la p\u00e9riode autour du 24 janvier 2024. Je voulais pour pouvoir butiner de festival en festival et ce fut un r\u00e9gal ! D\u2018abord par la diversit\u00e9 des activit\u00e9s propos\u00e9es, mais aussi par la qualit\u00e9 des \u00e9changes, de l\u2019\u00e9coute et de la convivialit\u00e9&nbsp;; le tout favorable \u00e0 exploration par le v\u00e9cu, de la question du lien entre \u00abEspace et \u00e9motion\u00bb. C\u2019\u00e9tait la th\u00e9matique retenue par le cercle APE, sur une id\u00e9e normande, pour la 5 e \u00e9dition du festivaldelapprendre&nbsp;: gratuit, participatif, festif, et donc, convivial&nbsp;! Comment nos \u00e9motions (joie, peur, d\u00e9go\u00fbt, tristesse, col\u00e8re et surprise) nous aident, ou pas, \u00e0 apprendre&nbsp;?<\/p>\n\n\n\n<figure class=\"wp-block-gallery has-nested-images columns-default is-cropped wp-block-gallery-1 is-layout-flex wp-block-gallery-is-layout-flex\">\n<figure class=\"wp-block-image size-large\"><img loading=\"lazy\" decoding=\"async\" width=\"1024\" height=\"724\" data-id=\"6534\" src=\"https:\/\/www.cercleape.com\/wp-content\/uploads\/2023\/09\/Festival-de-lapprendre-2024-1024x724.png\" alt=\"\" class=\"wp-image-6534\" srcset=\"https:\/\/www.cercleape.com\/wp-content\/uploads\/2023\/09\/Festival-de-lapprendre-2024-1024x724.png 1024w, https:\/\/www.cercleape.com\/wp-content\/uploads\/2023\/09\/Festival-de-lapprendre-2024-300x212.png 300w, https:\/\/www.cercleape.com\/wp-content\/uploads\/2023\/09\/Festival-de-lapprendre-2024-768x543.png 768w, https:\/\/www.cercleape.com\/wp-content\/uploads\/2023\/09\/Festival-de-lapprendre-2024-1536x1086.png 1536w, https:\/\/www.cercleape.com\/wp-content\/uploads\/2023\/09\/Festival-de-lapprendre-2024.png 2000w\" sizes=\"auto, (max-width: 1024px) 100vw, 1024px\" \/><\/figure>\n\n\n\n<figure class=\"wp-block-image size-large\"><img loading=\"lazy\" decoding=\"async\" width=\"200\" height=\"200\" data-id=\"5854\" src=\"https:\/\/www.cercleape.com\/wp-content\/uploads\/2021\/09\/logoCercleAPE.jpg\" alt=\"\" class=\"wp-image-5854\" srcset=\"https:\/\/www.cercleape.com\/wp-content\/uploads\/2021\/09\/logoCercleAPE.jpg 200w, https:\/\/www.cercleape.com\/wp-content\/uploads\/2021\/09\/logoCercleAPE-150x150.jpg 150w, https:\/\/www.cercleape.com\/wp-content\/uploads\/2021\/09\/logoCercleAPE-70x70.jpg 70w, https:\/\/www.cercleape.com\/wp-content\/uploads\/2021\/09\/logoCercleAPE-125x125.jpg 125w\" sizes=\"auto, (max-width: 200px) 100vw, 200px\" \/><\/figure>\n<\/figure>\n\n\n\n<div class=\"wp-block-group\"><div class=\"wp-block-group__inner-container is-layout-constrained wp-block-group-is-layout-constrained\">\n<div class=\"wp-block-columns is-layout-flex wp-container-core-columns-is-layout-9d6595d7 wp-block-columns-is-layout-flex\">\n<div class=\"wp-block-column is-layout-flow wp-block-column-is-layout-flow\" style=\"flex-basis:100%\"><\/div>\n<\/div>\n<\/div><\/div>\n\n\n\n<p>Tout a commenc\u00e9 le lundi 22 janvier \u00e0 Pau, \u00e0 distance, avec la super initiative de Sonia de nous proposer chaque journ\u00e9e, entre le 22 et 26 janvier, une activit\u00e9 collaborative via les R\u00e9seaux sociaux num\u00e9riques avec l\u2019op\u00e9ration \u00abSouriez, vous \u00eates form\u00e9\u00a0!\u00bb. Je vous invite \u00e0 continuer \u00e0 r\u00e9pondre \u00e0 son appel toujours disponible sur <a href=\"https:\/\/padlet.com\/Alegriagogia\/la-formation-id-ale-quoi-ressemble-t-elle-j675uqqqh5crlj8r?fbclid=IwAR2WeTzQbXLm29vomZmokWhfJ2EcZ4sWAmYc6XwgMy2veiDY_v2kuOc15Y0\" target=\"_blank\" rel=\"noreferrer noopener\">Padlet <\/a><strong>\u00abQuelle est pour vous la formation id\u00e9ale\u00a0?\u00bb<\/strong> <\/p>\n\n\n<div class=\"wp-block-image\">\n<figure class=\"aligncenter size-full is-resized\"><img loading=\"lazy\" decoding=\"async\" width=\"548\" height=\"387\" src=\"https:\/\/www.cercleape.com\/wp-content\/uploads\/2024\/02\/pau.jpg\" alt=\"\" class=\"wp-image-6711\" style=\"width:345px;height:auto\" srcset=\"https:\/\/www.cercleape.com\/wp-content\/uploads\/2024\/02\/pau.jpg 548w, https:\/\/www.cercleape.com\/wp-content\/uploads\/2024\/02\/pau-300x212.jpg 300w, https:\/\/www.cercleape.com\/wp-content\/uploads\/2024\/02\/pau-150x106.jpg 150w\" sizes=\"auto, (max-width: 548px) 100vw, 548px\" \/><\/figure>\n<\/div>\n\n\n<p>Apr\u00e8s Pau, je suis pass\u00e9 le mardi 23 janvier, toujours \u00e0 distance, au festival en ligne anim\u00e9 depuis Montauban par Patricia. L\u00e0 encore, nous avons v\u00e9cu, dans une alternance d\u2019Espaces num\u00e9riques (Zoom et Mural), des temps de d\u00e9couverte, d\u2019\u00e9change et de production partag\u00e9e sur la question des \u00e9motions dans les accompagnements d\u2019apprenants. Cette s\u00e9ance a \u00e9t\u00e9 <a href=\"https:\/\/youtu.be\/q0CBOV-gCBM\">en<\/a><a href=\"https:\/\/youtu.be\/q0CBOV-gCBM\" target=\"_blank\" rel=\"noreferrer noopener\">registr\u00e9e<\/a> \u00a0! Ces trois hashtags r\u00e9sument bien notre s\u00e9ance en ligne festive\u00a0! <a href=\"https:\/\/www.linkedin.com\/feed\/hashtag\/?keywords=emotionsenfolie&amp;highlightedUpdateUrns=urn%3Ali%3Aactivity%3A7155816515752136704\" target=\"_blank\" rel=\"noreferrer noopener\">#EmotionsEnFolie<\/a> <a href=\"https:\/\/www.linkedin.com\/feed\/hashtag\/?keywords=emotionsenfolie&amp;highlightedUpdateUrns=urn%3Ali%3Aactivity%3A7155816515752136704\" target=\"_blank\" rel=\"noreferrer noopener\">#AventureVirtuelle<\/a> <a href=\"https:\/\/www.linkedin.com\/feed\/hashtag\/?keywords=emotionsenfolie&amp;highlightedUpdateUrns=urn%3Ali%3Aactivity%3A7155816515752136704\" target=\"_blank\" rel=\"noreferrer noopener\">#OnNeVitQuUneFois<\/a> <\/p>\n\n\n<div class=\"wp-block-image\">\n<figure class=\"aligncenter size-full is-resized\"><img loading=\"lazy\" decoding=\"async\" width=\"906\" height=\"510\" src=\"https:\/\/www.cercleape.com\/wp-content\/uploads\/2024\/02\/Montauban.jpg\" alt=\"\" class=\"wp-image-6712\" style=\"width:416px;height:auto\" srcset=\"https:\/\/www.cercleape.com\/wp-content\/uploads\/2024\/02\/Montauban.jpg 906w, https:\/\/www.cercleape.com\/wp-content\/uploads\/2024\/02\/Montauban-300x169.jpg 300w, https:\/\/www.cercleape.com\/wp-content\/uploads\/2024\/02\/Montauban-150x84.jpg 150w, https:\/\/www.cercleape.com\/wp-content\/uploads\/2024\/02\/Montauban-768x432.jpg 768w\" sizes=\"auto, (max-width: 906px) 100vw, 906px\" \/><\/figure>\n<\/div>\n\n\n<p>Gr\u00e2ce \u00e0 la SNCF, j\u2019ai quitt\u00e9 le distanciel pour rejoindre depuis Rouen, le pr\u00e9sentiel&nbsp;\u00e0 Paris : Le mardi 23 janvier au soir. Avec Doroth\u00e9e, nous avons particip\u00e9 \u00e0 la s\u00e9ance inaugurale du #festivaldelapprendre 2024 organis\u00e9e par notre partenaire \u00abLearning Planet Institute\u00bb \u00e0 Paris, dans les magnifiques locaux situ\u00e9s au c\u0153ur du marais. Ce fut une super occasion de partager plein d\u2019id\u00e9es et de r\u00e9alisation concr\u00e8tes pour proposer aux apprenants d\u2019autres chemins d\u2019apprentissage, avec un rapport aux savoirs plus ouvert. Nous avons \u00e9chang\u00e9 avec Isabelle et Olivier, nos correspondants, et avec d\u2019autres personnes, toutes anim\u00e9es par la m\u00eame id\u00e9e imp\u00e9rieuse d\u2019apprendre et de se former autrement&nbsp;! <a href=\"https:\/\/www.learning-planet.org\/festival-de-lapprendre\/\" target=\"_blank\" rel=\"noreferrer noopener\">500 festivals<\/a> dans le monde,<br>350 en France et 14 port\u00e9s par le cercle APE&nbsp;; bravo \u00e0 tous&nbsp;! Apprenons &amp; festoyons\u2026 <\/p>\n\n\n\n<p>Le mercredi 23 janvier matin de retour devant mon ordinateur \u00e0 Rouen, j\u2019ai rejoint d\u2019abord Lucile \u00e0 Montpellier \u00e0 09h30&nbsp;dans le m\u00e9tavers Atlantis City ; puis Isabelle \u00e0 Rennes \u00e0 11h00 avec l\u2019outil convivial Glowbl. Depuis le <a href=\"https:\/\/www.linkedin.com\/feed\/update\/urn:li:activity:7142559140106727425\/\" target=\"_blank\" rel=\"noreferrer noopener\">\u00abTropisme Learning Lab\u00bb<\/a> de Montpellier avec Lucile, nous avons eu un \u00e9clairage et des \u00e9changes sur l\u2019int\u00e9r\u00eat des badges pour optimiser l\u2019implication et la reconnaissance des apprenants&nbsp;; une approche r\u00e9gionale des badges en Occitanie pour favoriser et valoriser des \u00e9motions positives dans nos apprentissages.<\/p>\n\n\n<div class=\"wp-block-image\">\n<figure class=\"aligncenter size-large is-resized\"><img loading=\"lazy\" decoding=\"async\" width=\"1024\" height=\"576\" src=\"https:\/\/www.cercleape.com\/wp-content\/uploads\/2024\/02\/montpellier-1024x576.jpg\" alt=\"\" class=\"wp-image-6713\" style=\"width:453px;height:auto\" srcset=\"https:\/\/www.cercleape.com\/wp-content\/uploads\/2024\/02\/montpellier-1024x576.jpg 1024w, https:\/\/www.cercleape.com\/wp-content\/uploads\/2024\/02\/montpellier-300x169.jpg 300w, https:\/\/www.cercleape.com\/wp-content\/uploads\/2024\/02\/montpellier-150x84.jpg 150w, https:\/\/www.cercleape.com\/wp-content\/uploads\/2024\/02\/montpellier-768x432.jpg 768w, https:\/\/www.cercleape.com\/wp-content\/uploads\/2024\/02\/montpellier.jpg 1280w\" sizes=\"auto, (max-width: 1024px) 100vw, 1024px\" \/><\/figure>\n<\/div>\n\n\n<p>Depuis \u00abl\u2019Atelier du Formateur\u00bb \u00e0 Rennes, Isabelle nous a invit\u00e9s \u00e0 interagir avec des activit\u00e9s diversifi\u00e9es r\u00e9parties dans l\u2019espace num\u00e9rique sympa de la Classe virtuelle sur la th\u00e9matique &nbsp;\u201cEt si la formation rimait avec \u00e9motion ?\u201d dans un <a href=\"https:\/\/latelierduformateur.fr\/replay-festival-2024-quand-emotion-rime-avec-formation\/\" target=\"_blank\" rel=\"noreferrer noopener\">espace num\u00e9rique<\/a> pr\u00e9alablement pr\u00e9par\u00e9 (Quizz, Diaporama, Jeu, Atelier, etc.) et toujours disponible nous incitant \u00e0 partager nos \u00e9motions. <\/p>\n\n\n<div class=\"wp-block-image\">\n<figure class=\"aligncenter size-full is-resized\"><img loading=\"lazy\" decoding=\"async\" width=\"522\" height=\"522\" src=\"https:\/\/www.cercleape.com\/wp-content\/uploads\/2024\/02\/rennes1.jpg\" alt=\"\" class=\"wp-image-6714\" style=\"width:251px;height:auto\" srcset=\"https:\/\/www.cercleape.com\/wp-content\/uploads\/2024\/02\/rennes1.jpg 522w, https:\/\/www.cercleape.com\/wp-content\/uploads\/2024\/02\/rennes1-300x300.jpg 300w, https:\/\/www.cercleape.com\/wp-content\/uploads\/2024\/02\/rennes1-150x150.jpg 150w, https:\/\/www.cercleape.com\/wp-content\/uploads\/2024\/02\/rennes1-70x70.jpg 70w, https:\/\/www.cercleape.com\/wp-content\/uploads\/2024\/02\/rennes1-246x246.jpg 246w, https:\/\/www.cercleape.com\/wp-content\/uploads\/2024\/02\/rennes1-276x276.jpg 276w, https:\/\/www.cercleape.com\/wp-content\/uploads\/2024\/02\/rennes1-125x125.jpg 125w\" sizes=\"auto, (max-width: 522px) 100vw, 522px\" \/><\/figure>\n<\/div>\n\n<div class=\"wp-block-image\">\n<figure class=\"aligncenter size-full is-resized\"><img loading=\"lazy\" decoding=\"async\" width=\"907\" height=\"672\" src=\"https:\/\/www.cercleape.com\/wp-content\/uploads\/2024\/02\/rennes2.jpg\" alt=\"\" class=\"wp-image-6715\" style=\"width:504px;height:auto\" srcset=\"https:\/\/www.cercleape.com\/wp-content\/uploads\/2024\/02\/rennes2.jpg 907w, https:\/\/www.cercleape.com\/wp-content\/uploads\/2024\/02\/rennes2-300x222.jpg 300w, https:\/\/www.cercleape.com\/wp-content\/uploads\/2024\/02\/rennes2-150x111.jpg 150w, https:\/\/www.cercleape.com\/wp-content\/uploads\/2024\/02\/rennes2-768x569.jpg 768w\" sizes=\"auto, (max-width: 907px) 100vw, 907px\" \/><\/figure>\n<\/div>\n\n\n<p>L\u2019apr\u00e8s-midi du 23 janvier a d\u00e9but\u00e9 \u00e0 13h30 avec une riche conf\u00e9rence en ligne propos\u00e9e, comme chaque ann\u00e9e, par l\u2019IFCAM, fid\u00e8le partenaire du Cercle APE, et pr\u00e9par\u00e9e par Doroth\u00e9e et ses coll\u00e8gues. <\/p>\n\n\n<div class=\"wp-block-image\">\n<figure class=\"aligncenter size-large is-resized\"><img loading=\"lazy\" decoding=\"async\" width=\"1024\" height=\"575\" src=\"https:\/\/www.cercleape.com\/wp-content\/uploads\/2024\/02\/ifcam-1024x575.jpg\" alt=\"\" class=\"wp-image-6716\" style=\"width:449px;height:auto\" srcset=\"https:\/\/www.cercleape.com\/wp-content\/uploads\/2024\/02\/ifcam-1024x575.jpg 1024w, https:\/\/www.cercleape.com\/wp-content\/uploads\/2024\/02\/ifcam-300x169.jpg 300w, https:\/\/www.cercleape.com\/wp-content\/uploads\/2024\/02\/ifcam-150x84.jpg 150w, https:\/\/www.cercleape.com\/wp-content\/uploads\/2024\/02\/ifcam-768x431.jpg 768w, https:\/\/www.cercleape.com\/wp-content\/uploads\/2024\/02\/ifcam.jpg 1148w\" sizes=\"auto, (max-width: 1024px) 100vw, 1024px\" \/><\/figure>\n<\/div>\n\n\n<p>Cette conf\u00e9rence anim\u00e9e par Alice Latimier, (docteure en sciences cognitives et consultante chez Cog&rsquo;X), nous a permis de mieux comprendre en quoi les \u00e9motions agissent sur les m\u00e9canismes de l\u2019attention et de la m\u00e9moire, et leurs liens avec la motivation. Ce f\u00fbt une occasion de d\u00e9construire, sur la base des derni\u00e8res recherches en sciences cognitives, quelques id\u00e9es re\u00e7ues et d\u2019ouvrir des perspectives aussi bien pour les apprenants, que pour les acteurs de la formation. Comme les couleurs fondamentales, nos \u00e9motions se combinent\u00a0! Si cette conf\u00e9rence n\u2019est pas accessible en diff\u00e9r\u00e9, l\u2019IFCAM nous propose d\u2019autres belles <a href=\"https:\/\/ifcam-formation.fr\/blog\/2022\/04\/25\/ressorts-intelligence-emotionnelle\/\" target=\"_blank\" rel=\"noreferrer noopener\">ressources<\/a> sur la question des \u00e9motions dont la <a href=\"https:\/\/youtu.be\/1wGgskGLehA?si=jDnqBRBNhs-RGfpU 8 https:\/\/www.dropbox.com\/scl\/fi\/48ave5pi745xis4olldhj\/2024-01-Festival-Emotions-Rouen- APE.pdf?rlkey=3xy2c0v89wu39hewnnj8yop9u&amp;dl=0\" target=\"_blank\" rel=\"noreferrer noopener\">Web conf\u00e9rence<\/a> du FFFOD sur \u00abLe plaisir d\u2019apprendre\u00bb. <\/p>\n\n\n\n<p>Jeudi 24 janvier de 17h30 \u00e0 19h30, nous \u00e9tions au CFA IFA M. Sauvage pour vivre la 5e \u00e9dition du festival organis\u00e9 par le cercle APE de Rouen avec Cristina, Fran\u00e7ois-R\u00e9gis, Fr\u00e9d\u00e9ric, Guillaume, Jean, Johanne, Marie, Marianne et Sandrine sous la banni\u00e8re \u00abQue d\u2019\u00e9motions&nbsp;!\u00bb. Oui, vraiment que d\u2019\u00e9motions ! Apr\u00e8s un temps pour poser quelques rep\u00e8res sur la question des \u00e9motions (temps rythm\u00e9 avec l\u2019application belge <a href=\"https:\/\/www.dropbox.com\/scl\/fi\/48ave5pi745xis4olldhj\/2024-01-Festival-Emotions-Rouen-APE.pdf?rlkey=3xy2c0v89wu39hewnnj8yop9u&amp;dl=0\" target=\"_blank\" rel=\"noreferrer noopener\">Wooclap<\/a>), nous avons suivi trois ateliers th\u00e9matiques \u00ab\u00c9motions &amp; IA\u00bb, \u00ab\u00c9motion &amp; v\u00e9cus d\u2019apprenant\u00bb&nbsp; puis \u00abHumour &amp; apprentissage\u00bb, et surtout, deux activit\u00e9s fortes&nbsp;: \u00abApprentissage du AKA\u00bb et \u00abD\u00e9gustation \u00e0 l\u2019aveugle\u00bb lors d\u2019un temps convivial dinatoire entre 19h30 et 21h30. Joie, surprise, des go\u00fbts, peur et bon app\u00e9tit&nbsp;!<\/p>\n\n\n<div class=\"wp-block-image\">\n<figure class=\"aligncenter size-full is-resized\"><img loading=\"lazy\" decoding=\"async\" width=\"737\" height=\"414\" src=\"https:\/\/www.cercleape.com\/wp-content\/uploads\/2024\/02\/rouen1.jpg\" alt=\"\" class=\"wp-image-6717\" style=\"width:462px;height:auto\" srcset=\"https:\/\/www.cercleape.com\/wp-content\/uploads\/2024\/02\/rouen1.jpg 737w, https:\/\/www.cercleape.com\/wp-content\/uploads\/2024\/02\/rouen1-300x169.jpg 300w, https:\/\/www.cercleape.com\/wp-content\/uploads\/2024\/02\/rouen1-150x84.jpg 150w\" sizes=\"auto, (max-width: 737px) 100vw, 737px\" \/><\/figure>\n<\/div>\n\n<div class=\"wp-block-image\">\n<figure class=\"aligncenter size-full is-resized\"><img loading=\"lazy\" decoding=\"async\" width=\"650\" height=\"366\" src=\"https:\/\/www.cercleape.com\/wp-content\/uploads\/2024\/02\/rouen2.jpg\" alt=\"\" class=\"wp-image-6718\" style=\"width:446px;height:auto\" srcset=\"https:\/\/www.cercleape.com\/wp-content\/uploads\/2024\/02\/rouen2.jpg 650w, https:\/\/www.cercleape.com\/wp-content\/uploads\/2024\/02\/rouen2-300x169.jpg 300w, https:\/\/www.cercleape.com\/wp-content\/uploads\/2024\/02\/rouen2-150x84.jpg 150w\" sizes=\"auto, (max-width: 650px) 100vw, 650px\" \/><\/figure>\n<\/div>\n\n\n<p>Et pour finir, Mathilde et Fabien nous ont donn\u00e9 RDV le samedi 27 janvier \u00e0 14h30 \u00e0 la station de m\u00e9tro \u00abAnvers\u00bb au pied de Montmartre. Ce fut le d\u00e9but d\u2019un jeu de piste parsem\u00e9 d\u2019\u00e9nigmes. Nos joyeux guides avaient pr\u00e9par\u00e9 une <a href=\"https:\/\/corpsdetexte.wordpress.com\/jeu-de-piste-a-montmartre\/\" target=\"_blank\" rel=\"noreferrer noopener\">application<\/a> (WordPress) disponible via nos ordiphones. Connect\u00e9s, nous avions des activit\u00e9s immersives et questions d\u00e9ambulantes pour partager nos \u00e9motions en fonction des lieux c\u00e9l\u00e8bres admir\u00e9s associ\u00e9s souvent \u00e0 des personnages illustres&nbsp;; le tout sous un soleil radieux.&nbsp;Montmartre est plein de surprises&nbsp;! Notre espace fut Paris, pas mal&nbsp;; on peut dire bravo pour les d\u00e9cors. Nos \u00e9motions que nous avons appris \u00e0 combiner au fil de ma marche, furent vari\u00e9es avec une troupe sympa&nbsp;; que du bonheur&nbsp;!<\/p>\n\n\n<div class=\"wp-block-image\">\n<figure class=\"aligncenter size-full is-resized\"><img loading=\"lazy\" decoding=\"async\" width=\"800\" height=\"450\" src=\"https:\/\/www.cercleape.com\/wp-content\/uploads\/2024\/02\/Paris.jpg\" alt=\"\" class=\"wp-image-6719\" style=\"width:392px;height:auto\" srcset=\"https:\/\/www.cercleape.com\/wp-content\/uploads\/2024\/02\/Paris.jpg 800w, https:\/\/www.cercleape.com\/wp-content\/uploads\/2024\/02\/Paris-300x169.jpg 300w, https:\/\/www.cercleape.com\/wp-content\/uploads\/2024\/02\/Paris-150x84.jpg 150w, https:\/\/www.cercleape.com\/wp-content\/uploads\/2024\/02\/Paris-768x432.jpg 768w\" sizes=\"auto, (max-width: 800px) 100vw, 800px\" \/><\/figure>\n<\/div>\n\n\n<p>Oups, pas pu participer aux festivals, tous pr\u00e9sentiels, d\u2019Ancenis, B\u00e8gles, Lod\u00e8ve, Luxembourg, Mulhouse, Toulouse et autres&nbsp;! Plus d\u2019informations sur tous les <a href=\"https:\/\/www.cercleape.com\/?page_id=6590\">festivals du cercle APE<\/a> <\/p>\n\n\n\n<p>Bravo \u00e0 tous les b\u00e9n\u00e9voles et participants&nbsp;! Un festivalier heureux et apprenant<\/p>\n\n\n\n<p><br>Jean Vanderspelden \u2013 www.iapprendre.fr<br>Vice-pr\u00e9sident du Cerce APE &#8211; F\u00e9vrier 2024<\/p>\n","protected":false},"excerpt":{"rendered":"<p>Retour sur quelques #festivaldelapprendre 2024 Pau, Montauban, Paris, Montpellier, Rennes, Montrouge, Rouen &amp; Paris Tr\u00e8s t\u00f4t, j\u2019ai bloqu\u00e9 sur mon &hellip; <\/p>\n","protected":false},"author":12,"featured_media":0,"comment_status":"closed","ping_status":"closed","sticky":false,"template":"","format":"standard","meta":{"footnotes":""},"categories":[1],"tags":[],"class_list":["post-6708","post","type-post","status-publish","format-standard","hentry","category-non-classe"],"_links":{"self":[{"href":"https:\/\/www.cercleape.com\/index.php?rest_route=\/wp\/v2\/posts\/6708","targetHints":{"allow":["GET"]}}],"collection":[{"href":"https:\/\/www.cercleape.com\/index.php?rest_route=\/wp\/v2\/posts"}],"about":[{"href":"https:\/\/www.cercleape.com\/index.php?rest_route=\/wp\/v2\/types\/post"}],"author":[{"embeddable":true,"href":"https:\/\/www.cercleape.com\/index.php?rest_route=\/wp\/v2\/users\/12"}],"replies":[{"embeddable":true,"href":"https:\/\/www.cercleape.com\/index.php?rest_route=%2Fwp%2Fv2%2Fcomments&post=6708"}],"version-history":[{"count":6,"href":"https:\/\/www.cercleape.com\/index.php?rest_route=\/wp\/v2\/posts\/6708\/revisions"}],"predecessor-version":[{"id":6740,"href":"https:\/\/www.cercleape.com\/index.php?rest_route=\/wp\/v2\/posts\/6708\/revisions\/6740"}],"wp:attachment":[{"href":"https:\/\/www.cercleape.com\/index.php?rest_route=%2Fwp%2Fv2%2Fmedia&parent=6708"}],"wp:term":[{"taxonomy":"category","embeddable":true,"href":"https:\/\/www.cercleape.com\/index.php?rest_route=%2Fwp%2Fv2%2Fcategories&post=6708"},{"taxonomy":"post_tag","embeddable":true,"href":"https:\/\/www.cercleape.com\/index.php?rest_route=%2Fwp%2Fv2%2Ftags&post=6708"}],"curies":[{"name":"wp","href":"https:\/\/api.w.org\/{rel}","templated":true}]}}