{"id":6915,"date":"2024-12-25T20:37:31","date_gmt":"2024-12-25T19:37:31","guid":{"rendered":"https:\/\/www.cercleape.com\/?p=6915"},"modified":"2024-12-26T10:03:02","modified_gmt":"2024-12-26T09:03:02","slug":"retour-dexperiences-ditinerances-apprenantes-avec-trois-anes","status":"publish","type":"post","link":"https:\/\/www.cercleape.com\/?p=6915","title":{"rendered":"Retour d&rsquo;exp\u00e9riences d&rsquo;itin\u00e9rances apprenantes avec trois \u00e2nes"},"content":{"rendered":"\n<p><strong>Denis Cristol, vous faites partie du comit\u00e9 d\u2019organisation du prochain #festivaldelapprendre 2025, \u00ab\u00a0Apprendre du vivant\u00a0\u00bb, <\/strong><strong>pourriez-vous vous pr\u00e9senter ?<\/strong><\/p>\n\n\n\n<p>Je suis passionn\u00e9 d&rsquo;andragogie. \u00c0 un moment de ma vie, j&rsquo;ai soutenu une th\u00e8se sur la fabrique des managers ce qui m&rsquo;a conduit \u00e0 creuser la question de l&rsquo;autoformation, puis tout au long de ma carri\u00e8re, je me suis aper\u00e7u qu&rsquo;on apprend seul mais jamais sans les autres. J&rsquo;ai alors investigu\u00e9 la socioformation. Aujourd\u2019hui, je suis touch\u00e9 par la question \u00e9cologique et climatique. J&rsquo;investis donc sur l&rsquo;\u00e9co-formation avec mes trois \u00e2nes. Nous d\u00e9veloppons, avec mon \u00e9pouse, des formations dans la nature en Occitanie pour accompagner des acteurs des transitions.<\/p>\n\n\n\n<p><strong>Depuis quand participez-vous au Festival de l\u2019Apprendre ?<\/strong><\/p>\n\n\n\n<p>Je suis le festival depuis le d\u00e9but (1). C&rsquo;est une opportunit\u00e9 de transformer nos pratiques p\u00e9dagogiques.<\/p>\n\n\n\n<p><strong>Pouvez-vous nous donner quelques \u00e9l\u00e9ments de la tenue de votre festival 2025 ?<\/strong><\/p>\n\n\n\n<p>Nous allons animer un retour d&rsquo;exp\u00e9rience des premi\u00e8res itin\u00e9rances r\u00e9alis\u00e9es avec trois \u00e2nes et des facilitateurs et des entrepreneurs pour travailler sur de nouvelles postures. En suivant les travaux d&rsquo;Otto Scharmer, en utilisant le corps en marche, les pratiques narratives, un cycle de m\u00e9ditation et de nombreux ateliers en pleine nature, nous faisons \u00e9merger nouvelles pratiques p\u00e9dagogiques et nous renfor\u00e7ons les projets.<\/p>\n\n\n\n<p><em>Le 24 d\u00e9cembre 2024 &#8211; Denis Cristol &#8211;&nbsp;<a href=\"https:\/\/4cristol.over-blog.com\/\" target=\"_blank\" rel=\"noreferrer noopener\">https:\/\/4cristol.over-blog.com\/<\/a><\/em><\/p>\n\n\n\n<p>Atelier en ligne\u00a0programm\u00e9\u00a0le mardi 28 janvier 2025 : 18h30 -19h30<br>Plus d&rsquo;informations et pour s&rsquo;inscrire, voir le pr\u00e9-programme qui sera actualis\u00e9 :\u00a0<a href=\"https:\/\/urlz.fr\/tszK\" target=\"_blank\" rel=\"noreferrer noopener\">https:\/\/urlz.fr\/tszK<\/a>\u00a0<\/p>\n\n\n\n<p>Lien d&rsquo;inscription au webinaire :\u00a0<a href=\"https:\/\/docs.google.com\/forms\/d\/1o6Brt8mF-tRuLyfTYftupsvxslq8zxbLcJsW_Sr_r7w\/edit?chromeless=1\">https:\/\/docs.google.com\/forms\/d\/1o6Brt8mF-tRuLyfTYftupsvxslq8zxbLcJsW_Sr_r7w\/edit?chromeless=1<\/a><\/p>\n\n\n\n<p class=\"has-small-font-size\">(1) Note du Cercle APE : De retour du Qu\u00e9bec, en 2015, Denis Cristol, depuis un caf\u00e9 au c\u0153ur de Paris, a partag\u00e9 l&rsquo;id\u00e9e du \u00ab\u00a0Cercle d&rsquo;Apprentissage\u00a0\u00bb. De l\u00e0, ont \u00e9t\u00e9 mises progressivement diff\u00e9rentes activit\u00e9s collectives exploratoires :\u00a0des Forums Ouverts, des World Caf\u00e9s, un Hackathon, un Atelier en ligne pour l&rsquo;\u00e9criture collaborative d&rsquo;un livre, des Ateliers th\u00e9matiques, deux #LireEnsembles et notre #festivaldelapprendre ; aujourd&rsquo;hui pour sa 6\u00e8me \u00e9dition. Denis fut le 1er pr\u00e9sident du cercleAPE, suivi d&rsquo;Anna Vetter. En 2024, Lucile Mellier pr\u00e9side notre association\u00a0et ses joyeuses aventures ! Voir\u00a0<a href=\"https:\/\/digipad.app\/p\/952107\/7f06a00e3ffda\" target=\"_blank\" rel=\"noreferrer noopener\">https:\/\/digipad.app\/p\/952107\/7f06a00e3ffda<\/a><\/p>\n","protected":false},"excerpt":{"rendered":"<p>Denis Cristol, vous faites partie du comit\u00e9 d\u2019organisation du prochain #festivaldelapprendre 2025, \u00ab\u00a0Apprendre du vivant\u00a0\u00bb, pourriez-vous vous pr\u00e9senter ? Je &hellip; <\/p>\n","protected":false},"author":12,"featured_media":0,"comment_status":"closed","ping_status":"closed","sticky":false,"template":"","format":"standard","meta":{"footnotes":""},"categories":[2],"tags":[],"class_list":["post-6915","post","type-post","status-publish","format-standard","hentry","category-festival-de-lapprendre"],"_links":{"self":[{"href":"https:\/\/www.cercleape.com\/index.php?rest_route=\/wp\/v2\/posts\/6915","targetHints":{"allow":["GET"]}}],"collection":[{"href":"https:\/\/www.cercleape.com\/index.php?rest_route=\/wp\/v2\/posts"}],"about":[{"href":"https:\/\/www.cercleape.com\/index.php?rest_route=\/wp\/v2\/types\/post"}],"author":[{"embeddable":true,"href":"https:\/\/www.cercleape.com\/index.php?rest_route=\/wp\/v2\/users\/12"}],"replies":[{"embeddable":true,"href":"https:\/\/www.cercleape.com\/index.php?rest_route=%2Fwp%2Fv2%2Fcomments&post=6915"}],"version-history":[{"count":6,"href":"https:\/\/www.cercleape.com\/index.php?rest_route=\/wp\/v2\/posts\/6915\/revisions"}],"predecessor-version":[{"id":6927,"href":"https:\/\/www.cercleape.com\/index.php?rest_route=\/wp\/v2\/posts\/6915\/revisions\/6927"}],"wp:attachment":[{"href":"https:\/\/www.cercleape.com\/index.php?rest_route=%2Fwp%2Fv2%2Fmedia&parent=6915"}],"wp:term":[{"taxonomy":"category","embeddable":true,"href":"https:\/\/www.cercleape.com\/index.php?rest_route=%2Fwp%2Fv2%2Fcategories&post=6915"},{"taxonomy":"post_tag","embeddable":true,"href":"https:\/\/www.cercleape.com\/index.php?rest_route=%2Fwp%2Fv2%2Ftags&post=6915"}],"curies":[{"name":"wp","href":"https:\/\/api.w.org\/{rel}","templated":true}]}}