{"id":6968,"date":"2025-01-13T21:22:11","date_gmt":"2025-01-13T20:22:11","guid":{"rendered":"https:\/\/www.cercleape.com\/?p=6968"},"modified":"2025-01-15T13:59:46","modified_gmt":"2025-01-15T12:59:46","slug":"a-la-decouverte-de-notre-quartier-chasse-au-tresor-photographique-au-luxembourg","status":"publish","type":"post","link":"https:\/\/www.cercleape.com\/?p=6968","title":{"rendered":"\u00ab\u00a0\u00c0 la d\u00e9couverte de notre quartier : Chasse au tr\u00e9sor photographique\u00a0\u00bb au Luxembourg"},"content":{"rendered":"\n<p><strong>Sylia Slimani,&nbsp;Pouvez-vous vous pr\u00e9senter ?<\/strong><\/p>\n\n\n\n<p>Je suis Sylia, formatrice de fran\u00e7ais langue \u00e9trang\u00e8re (FLE) pour adultes au sein de l&rsquo;association CLAE au Luxembourg. Mon travail s&rsquo;inscrit dans une d\u00e9marche d&rsquo;int\u00e9gration, en accompagnant des apprenants issus de diverses cultures dans leur apprentissage du fran\u00e7ais. En parall\u00e8le, je participe au projet \u00ab\u00a0Tout le monde en classe\u00a0\u00bb, en collaboration avec le Minist\u00e8re de l&rsquo;\u00c9ducation. Ce projet met en avant les approches plurielles et la diversit\u00e9 dans l&rsquo;enseignement des langues, favorisant ainsi l&rsquo;inclusion et le respect des diff\u00e9rentes identit\u00e9s culturelles. Dans ce cadre, des s\u00e9quences p\u00e9dagogiques sont cr\u00e9\u00e9es pour r\u00e9pondre \u00e0 la diversit\u00e9 des profils dans la classe et ont pour but de cr\u00e9er un espace joyeux d&rsquo;apprentissage.<\/p>\n\n\n\n<p><strong>Depuis quand participez-vous au Festival de l&rsquo;Apprendre ?<\/strong><\/p>\n\n\n\n<p>C&rsquo;est ma deuxi\u00e8me participation au Festival de l&rsquo;Apprendre. J&rsquo;ai d\u00e9couvert cet \u00e9v\u00e9nement lors de l&rsquo;\u00e9dition 2024, qui a \u00e9t\u00e9 une exp\u00e9rience tr\u00e8s enrichissante. Ce festival repr\u00e9sente pour moi une belle opportunit\u00e9 de partager des m\u00e9thodes d&rsquo;apprentissage innovantes.<\/p>\n\n\n\n<p><strong>Pouvez-vous nous pr\u00e9senter l&rsquo;activit\u00e9 que vous proposerez lors de cette \u00e9dition ?<\/strong><\/p>\n\n\n\n<p>Avec ma coll\u00e8gue Sophie, nous proposons une activit\u00e9 intitul\u00e9e&nbsp;<strong>\u00ab\u00a0\u00c0 la d\u00e9couverte de notre quartier : Chasse au tr\u00e9sor photographique\u00a0\u00bb<\/strong>. Ce jeu de piste photographique est destin\u00e9 aux apprenants de FLE de niveau A1.1, organis\u00e9s en petits groupes de deux. L&rsquo;objectif est de d\u00e9couvrir le quartier de Gasperich, dans la ville de Luxembourg, o\u00f9 se tiennent les cours tout en enrichissant le vocabulaire du quotidien li\u00e9 aux lieux de la ville. Un apprentissage du vocabulaire de la nature est \u00e9galement int\u00e9gr\u00e9 dans ce jeu de piste. Cette approche ludique et immersive encourage l&rsquo;exploration active de l&rsquo;environnement local.<\/p>\n\n\n\n<p><strong>Sylia SLIMANI &#8211;\u00a0<\/strong> <strong><a href=\"http:\/\/www.clae.lu\/\" target=\"_blank\" rel=\"noreferrer noopener\">www.clae.lu<\/a><\/strong><br>Formatrice de fran\u00e7ais langue \u00e9trang\u00e8re<\/p>\n\n\n\n<figure class=\"wp-block-image size-large\"><img loading=\"lazy\" decoding=\"async\" width=\"1024\" height=\"791\" src=\"https:\/\/www.cercleape.com\/wp-content\/uploads\/2025\/01\/2025-01-Luxembourg-CLAE-Festivaldeapprendre-1024x791.png\" alt=\"\" class=\"wp-image-6969\" srcset=\"https:\/\/www.cercleape.com\/wp-content\/uploads\/2025\/01\/2025-01-Luxembourg-CLAE-Festivaldeapprendre-1024x791.png 1024w, https:\/\/www.cercleape.com\/wp-content\/uploads\/2025\/01\/2025-01-Luxembourg-CLAE-Festivaldeapprendre-300x232.png 300w, https:\/\/www.cercleape.com\/wp-content\/uploads\/2025\/01\/2025-01-Luxembourg-CLAE-Festivaldeapprendre-150x116.png 150w, https:\/\/www.cercleape.com\/wp-content\/uploads\/2025\/01\/2025-01-Luxembourg-CLAE-Festivaldeapprendre-768x593.png 768w, https:\/\/www.cercleape.com\/wp-content\/uploads\/2025\/01\/2025-01-Luxembourg-CLAE-Festivaldeapprendre-1536x1187.png 1536w, https:\/\/www.cercleape.com\/wp-content\/uploads\/2025\/01\/2025-01-Luxembourg-CLAE-Festivaldeapprendre.png 1650w\" sizes=\"auto, (max-width: 1024px) 100vw, 1024px\" \/><\/figure>\n","protected":false},"excerpt":{"rendered":"<p>Sylia Slimani,&nbsp;Pouvez-vous vous pr\u00e9senter ? Je suis Sylia, formatrice de fran\u00e7ais langue \u00e9trang\u00e8re (FLE) pour adultes au sein de l&rsquo;association &hellip; <\/p>\n","protected":false},"author":12,"featured_media":0,"comment_status":"closed","ping_status":"closed","sticky":false,"template":"","format":"standard","meta":{"footnotes":""},"categories":[2],"tags":[],"class_list":["post-6968","post","type-post","status-publish","format-standard","hentry","category-festival-de-lapprendre"],"_links":{"self":[{"href":"https:\/\/www.cercleape.com\/index.php?rest_route=\/wp\/v2\/posts\/6968","targetHints":{"allow":["GET"]}}],"collection":[{"href":"https:\/\/www.cercleape.com\/index.php?rest_route=\/wp\/v2\/posts"}],"about":[{"href":"https:\/\/www.cercleape.com\/index.php?rest_route=\/wp\/v2\/types\/post"}],"author":[{"embeddable":true,"href":"https:\/\/www.cercleape.com\/index.php?rest_route=\/wp\/v2\/users\/12"}],"replies":[{"embeddable":true,"href":"https:\/\/www.cercleape.com\/index.php?rest_route=%2Fwp%2Fv2%2Fcomments&post=6968"}],"version-history":[{"count":1,"href":"https:\/\/www.cercleape.com\/index.php?rest_route=\/wp\/v2\/posts\/6968\/revisions"}],"predecessor-version":[{"id":6971,"href":"https:\/\/www.cercleape.com\/index.php?rest_route=\/wp\/v2\/posts\/6968\/revisions\/6971"}],"wp:attachment":[{"href":"https:\/\/www.cercleape.com\/index.php?rest_route=%2Fwp%2Fv2%2Fmedia&parent=6968"}],"wp:term":[{"taxonomy":"category","embeddable":true,"href":"https:\/\/www.cercleape.com\/index.php?rest_route=%2Fwp%2Fv2%2Fcategories&post=6968"},{"taxonomy":"post_tag","embeddable":true,"href":"https:\/\/www.cercleape.com\/index.php?rest_route=%2Fwp%2Fv2%2Ftags&post=6968"}],"curies":[{"name":"wp","href":"https:\/\/api.w.org\/{rel}","templated":true}]}}