{"id":6982,"date":"2025-01-17T21:52:15","date_gmt":"2025-01-17T20:52:15","guid":{"rendered":"https:\/\/www.cercleape.com\/?p=6982"},"modified":"2025-01-18T10:14:05","modified_gmt":"2025-01-18T09:14:05","slug":"a-rouen-le-28-01-au-bon-vivant-apprenant-partageons-nos-billets","status":"publish","type":"post","link":"https:\/\/www.cercleape.com\/?p=6982","title":{"rendered":"\u00c0 Rouen, le 28\/01 ; au bon vivant apprenant ! Partageons nos billets&#8230;"},"content":{"rendered":"\n<p><strong>Jean Vanderspelden, vous faites partie du comit\u00e9 d\u2019organisation du prochain #festivaldelapprendre depuis Rouen, pourriez-vous vous pr\u00e9senter ?<\/strong><\/p>\n\n\n\n<p>Je suis \u00e0 la fois, membre du cercleAPE de Rouen depuis 2015, et vice-pr\u00e9sident du cercle, au plan national, depuis 2020. Par ailleurs, je suis Consultant sur les questions li\u00e9es \u00e0 l&rsquo;innovation pour la formation des adultes, vue sous l&rsquo;angle de la mont\u00e9e en puissance de l&rsquo;Apprenance. J&rsquo;apprends beaucoup et je me forme avec le cercleAPE par la pratique et par les \u00e9changes ! Plus d&rsquo;informations sur <a href=\"http:\/\/www.iapprendre.fr\" target=\"_blank\" rel=\"noreferrer noopener\">www.iapprendre.fr<\/a> et sur&nbsp;<a href=\"https:\/\/www.cercleape.com\/\" target=\"_blank\" rel=\"noreferrer noopener\">https:\/\/www.cercleape.com\/<\/a><\/p>\n\n\n\n<p><\/p>\n\n\n\n<p><strong>Depuis quand participez-vous au Festival de l\u2019Apprendre ?<\/strong><\/p>\n\n\n\n<p>Le cercle APE de Rouen existe depuis 2015 avec les toutes premi\u00e8res activit\u00e9s du cercle national initi\u00e9es par Denis Cristol. R\u00e9guli\u00e8rement, des membres normands\u00a0participent activement aux ateliers, pr\u00e9sentiel ou distanciel, propos\u00e9s par le CercleAPE :\u00a0Hackathon, Worldcaf\u00e9, Lireensemble, Forum ouvert,\u00a0etc., et aussi, et surtout\u00a0\u00e0 tous les #festivaldelapprendre depuis la 1\u00e8re \u00e9dition \u00e9dition en 2020. Aujourd&rsquo;hui, c&rsquo;est notre 6\u00e8me festival !<\/p>\n\n\n\n<p><\/p>\n\n\n\n<p><strong>Pouvez-vous nous donner quelques \u00e9l\u00e9ments de la tenue du prochain 6e festival \u00ab Apprendre du vivant \u00bb ?<br><\/strong><br>Nous nous sommes retrouv\u00e9s, ensemble, en juin 2024 pour une super Rando P\u00e9da sur le GR2 o\u00f9 nous avons commenc\u00e9 \u00e0 poser les premi\u00e8res briques de la th\u00e9matique \u00ab\u00a0Apprendre du vivant\u00a0\u00bb. Puis,&nbsp;nous avons tenu une r\u00e9union \u00e0 distance par mois&nbsp;entre septembre et d\u00e9cembre 2024. Tenant compte de la disponibilit\u00e9 des membres du cerleAPE, nous (Cristina, Fr\u00e9d\u00e9ric, Marianne, Jean &amp; Sandrine) avons d\u00e9cid\u00e9 de proposer, cette ann\u00e9e, une formule adapt\u00e9e limit\u00e9e \u00e0 12 personnes \u00ab\u00a0<strong>Au bon vivant apprenant<\/strong>\u00a0\u00bb qui se d\u00e9roulera dans un restaurant du c\u0153ur&nbsp;de Rouen le mardi&nbsp;28 janvier 2025 de 19h00 \u00e0 21h30. Au cours de ce repas, chaque participant est invit\u00e9 \u00e0 partager, avec ses deux voisins, un billet limit\u00e9 \u00e0 10 lignes pr\u00e9lablement redig\u00e9 sur sa vision du \u00ab\u00a0Apprendre du vivant\u00a0\u00bb. Les membres qui ne sont pas disponibles \u00e0 cette date, peuvent envoyer leur billet qui sera lu ! Nous avons aussi fait \u00e9cho des six festivaldelapprendre qui auront lieu \u00e0 distance, et donc, accessibles aux normands ! Voir&nbsp;<a href=\"https:\/\/www.cercleape.com\/?page_id=6848\" target=\"_blank\" rel=\"noreferrer noopener\">https:\/\/www.cercleape.com\/?page_id=6848<\/a><\/p>\n\n\n\n<figure class=\"wp-block-image size-large\"><img loading=\"lazy\" decoding=\"async\" width=\"1024\" height=\"724\" src=\"https:\/\/www.cercleape.com\/wp-content\/uploads\/2025\/01\/Festival-de-Rouen-version-06122025-1-1-1024x724.png\" alt=\"\" class=\"wp-image-6983\" srcset=\"https:\/\/www.cercleape.com\/wp-content\/uploads\/2025\/01\/Festival-de-Rouen-version-06122025-1-1-1024x724.png 1024w, https:\/\/www.cercleape.com\/wp-content\/uploads\/2025\/01\/Festival-de-Rouen-version-06122025-1-1-300x212.png 300w, https:\/\/www.cercleape.com\/wp-content\/uploads\/2025\/01\/Festival-de-Rouen-version-06122025-1-1-150x106.png 150w, https:\/\/www.cercleape.com\/wp-content\/uploads\/2025\/01\/Festival-de-Rouen-version-06122025-1-1-768x543.png 768w, https:\/\/www.cercleape.com\/wp-content\/uploads\/2025\/01\/Festival-de-Rouen-version-06122025-1-1-1536x1086.png 1536w, https:\/\/www.cercleape.com\/wp-content\/uploads\/2025\/01\/Festival-de-Rouen-version-06122025-1-1.png 2000w\" sizes=\"auto, (max-width: 1024px) 100vw, 1024px\" \/><\/figure>\n","protected":false},"excerpt":{"rendered":"<p>Jean Vanderspelden, vous faites partie du comit\u00e9 d\u2019organisation du prochain #festivaldelapprendre depuis Rouen, pourriez-vous vous pr\u00e9senter ? Je suis \u00e0 &hellip; <\/p>\n","protected":false},"author":12,"featured_media":0,"comment_status":"closed","ping_status":"closed","sticky":false,"template":"","format":"standard","meta":{"footnotes":""},"categories":[2],"tags":[],"class_list":["post-6982","post","type-post","status-publish","format-standard","hentry","category-festival-de-lapprendre"],"_links":{"self":[{"href":"https:\/\/www.cercleape.com\/index.php?rest_route=\/wp\/v2\/posts\/6982","targetHints":{"allow":["GET"]}}],"collection":[{"href":"https:\/\/www.cercleape.com\/index.php?rest_route=\/wp\/v2\/posts"}],"about":[{"href":"https:\/\/www.cercleape.com\/index.php?rest_route=\/wp\/v2\/types\/post"}],"author":[{"embeddable":true,"href":"https:\/\/www.cercleape.com\/index.php?rest_route=\/wp\/v2\/users\/12"}],"replies":[{"embeddable":true,"href":"https:\/\/www.cercleape.com\/index.php?rest_route=%2Fwp%2Fv2%2Fcomments&post=6982"}],"version-history":[{"count":5,"href":"https:\/\/www.cercleape.com\/index.php?rest_route=\/wp\/v2\/posts\/6982\/revisions"}],"predecessor-version":[{"id":6995,"href":"https:\/\/www.cercleape.com\/index.php?rest_route=\/wp\/v2\/posts\/6982\/revisions\/6995"}],"wp:attachment":[{"href":"https:\/\/www.cercleape.com\/index.php?rest_route=%2Fwp%2Fv2%2Fmedia&parent=6982"}],"wp:term":[{"taxonomy":"category","embeddable":true,"href":"https:\/\/www.cercleape.com\/index.php?rest_route=%2Fwp%2Fv2%2Fcategories&post=6982"},{"taxonomy":"post_tag","embeddable":true,"href":"https:\/\/www.cercleape.com\/index.php?rest_route=%2Fwp%2Fv2%2Ftags&post=6982"}],"curies":[{"name":"wp","href":"https:\/\/api.w.org\/{rel}","templated":true}]}}