{"id":6999,"date":"2025-02-09T14:14:39","date_gmt":"2025-02-09T13:14:39","guid":{"rendered":"https:\/\/www.cercleape.com\/?p=6999"},"modified":"2025-02-10T21:45:09","modified_gmt":"2025-02-10T20:45:09","slug":"podcast-de-18-minutes-des-pedagogues-engage%c2%b7e%c2%b7s","status":"publish","type":"post","link":"https:\/\/www.cercleape.com\/?p=6999","title":{"rendered":"Podcast de 18 minutes\u00a0des P\u00e9dagogues\u00a0Engag\u00e9es avec Lucile"},"content":{"rendered":"\n<p><strong>Le Cercle Apprendre Ensemble et le Festival de l\u2019Apprendre<\/strong> : Lucile MELLIER interview\u00e9e par Fr\u00e9d\u00e9ric RAMPION<\/p>\n\n\n\n<p><em>\u00c9pisode&nbsp;32 &#8211; Lundi 20 janvier 2025<\/em><\/p>\n\n\n\n<p>Inspir\u00e9 notamment des r\u00e9seaux d&rsquo;\u00e9change r\u00e9ciproque des savoirs, des groupes de co-d\u00e9veloppement, le cercle APE est n\u00e9 en 2015 \u00e0 l\u2019initiative du chercheur Denis Cristol.<\/p>\n\n\n\n<p>Il cherche \u00e0 promouvoir de nouvelles pratiques d&rsquo;apprentissage plus ancr\u00e9es dans l&rsquo;exp\u00e9rience des apprenant\u00b7e\u00b7s.<\/p>\n\n\n\n<p>C\u2019est aujourd\u2019hui une association qui a pour objet de promouvoir et de faciliter l\u2019apprendre ensemble, l\u2019\u00e9change de pratiques et de connaissances, et, qui, depuis 2020, porte partout en France le Festival de l\u2019Apprendre.<\/p>\n\n\n\n<figure class=\"wp-block-embed is-type-wp-embed is-provider-acast wp-block-embed-acast\"><div class=\"wp-block-embed__wrapper\">\n<iframe loading=\"lazy\" class=\"wp-embedded-content\" sandbox=\"allow-scripts\" security=\"restricted\" title=\"Le Cercle Apprendre Ensemble et le Festival de l\u2019Apprendre\" src=\"https:\/\/embed.acast.com\/$\/637b8a7a3e348f0011a4b6fa\/678e7b465dd9c67f17193922?#?secret=AFT1YH2ZnJ\" data-secret=\"AFT1YH2ZnJ\" frameBorder=\"0\" width=\"700\" height=\"250\"><\/iframe>\n<\/div><\/figure>\n\n\n\n<p><\/p>\n","protected":false},"excerpt":{"rendered":"<p>Le Cercle Apprendre Ensemble et le Festival de l\u2019Apprendre : Lucile MELLIER interview\u00e9e par Fr\u00e9d\u00e9ric RAMPION \u00c9pisode&nbsp;32 &#8211; Lundi 20 &hellip; <\/p>\n","protected":false},"author":12,"featured_media":0,"comment_status":"closed","ping_status":"closed","sticky":false,"template":"","format":"standard","meta":{"footnotes":""},"categories":[85],"tags":[],"class_list":["post-6999","post","type-post","status-publish","format-standard","hentry","category-le-cercle-ape"],"_links":{"self":[{"href":"https:\/\/www.cercleape.com\/index.php?rest_route=\/wp\/v2\/posts\/6999","targetHints":{"allow":["GET"]}}],"collection":[{"href":"https:\/\/www.cercleape.com\/index.php?rest_route=\/wp\/v2\/posts"}],"about":[{"href":"https:\/\/www.cercleape.com\/index.php?rest_route=\/wp\/v2\/types\/post"}],"author":[{"embeddable":true,"href":"https:\/\/www.cercleape.com\/index.php?rest_route=\/wp\/v2\/users\/12"}],"replies":[{"embeddable":true,"href":"https:\/\/www.cercleape.com\/index.php?rest_route=%2Fwp%2Fv2%2Fcomments&post=6999"}],"version-history":[{"count":3,"href":"https:\/\/www.cercleape.com\/index.php?rest_route=\/wp\/v2\/posts\/6999\/revisions"}],"predecessor-version":[{"id":7011,"href":"https:\/\/www.cercleape.com\/index.php?rest_route=\/wp\/v2\/posts\/6999\/revisions\/7011"}],"wp:attachment":[{"href":"https:\/\/www.cercleape.com\/index.php?rest_route=%2Fwp%2Fv2%2Fmedia&parent=6999"}],"wp:term":[{"taxonomy":"category","embeddable":true,"href":"https:\/\/www.cercleape.com\/index.php?rest_route=%2Fwp%2Fv2%2Fcategories&post=6999"},{"taxonomy":"post_tag","embeddable":true,"href":"https:\/\/www.cercleape.com\/index.php?rest_route=%2Fwp%2Fv2%2Ftags&post=6999"}],"curies":[{"name":"wp","href":"https:\/\/api.w.org\/{rel}","templated":true}]}}